{"id":60775,"date":"2020-01-29T08:58:42","date_gmt":"2020-01-29T08:58:42","guid":{"rendered":"https:\/\/portal.institutguindavols.cat\/?p=60775"},"modified":"2020-01-29T08:58:42","modified_gmt":"2020-01-29T08:58:42","slug":"386-e-laportacio-de-guindavols-a-la-marato-de-tv3","status":"publish","type":"post","link":"https:\/\/agora.xtec.cat\/iesguindavols\/general\/386-e-laportacio-de-guindavols-a-la-marato-de-tv3\/","title":{"rendered":"386 \u20ac l\u2019aportaci\u00f3 de Guind\u00e0vols a la Marat\u00f3 de TV3"},"content":{"rendered":"\n<p>El passat mes de desembre l\u2019alumnat i el professorat de l\u2019INS Guind\u00e0vols vam recollir 386 \u20ac per a la investigaci\u00f3 de les malalties minorit\u00e0ries amb el Xocol\u00b7labora. Aquest curs l\u2019import recollit ha estat net gr\u00e0cies \u00a0a la implicaci\u00f3 de Plusfr\u00e9sc que ens ha facilitat la coca i la xocolata.<\/p>\n\n\n\n<p><\/p>\n\n\n\n<figure class=\"wp-block-image\"><img decoding=\"async\" src=\"https:\/\/portal.institutguindavols.cat\/wp-content\/uploads\/2E4FC85A-28E6-46DC-AF27-984E5B954543-9424-000001BAB0E50ED5-1-1024x859.jpg\" alt=\"\" class=\"wp-image-60777\"\/><\/figure>\n\n\n\n<figure class=\"wp-block-image\"><img decoding=\"async\" src=\"https:\/\/portal.institutguindavols.cat\/wp-content\/uploads\/D4A32FB2-F439-4739-88EA-30B8EE62926F-9424-000001BDB2C3CA39-1-1024x683.jpg\" alt=\"\" class=\"wp-image-60778\"\/><\/figure>\n\n\n\n<figure class=\"wp-block-image\"><img decoding=\"async\" src=\"https:\/\/portal.institutguindavols.cat\/wp-content\/uploads\/9D1E381A-E69F-4103-BDF5-F64573C8238F-9424-000001BE462F15B6-1-1024x683.jpg\" alt=\"\" class=\"wp-image-60780\"\/><\/figure>\n\n\n\n<figure class=\"wp-block-image\"><img decoding=\"async\" src=\"https:\/\/portal.institutguindavols.cat\/wp-content\/uploads\/73106F52-6B70-4512-AE64-E78AC549A786-9424-000001BDF93DA2B9-1024x683.jpg\" alt=\"\" class=\"wp-image-60781\"\/><\/figure>\n\n\n\n<figure class=\"wp-block-image\"><img decoding=\"async\" src=\"https:\/\/portal.institutguindavols.cat\/wp-content\/uploads\/5741D1FE-7260-4290-80B8-DEF0D3BE7395-9424-000001BD848C1E86-1024x683.jpg\" alt=\"\" class=\"wp-image-60782\"\/><\/figure>\n\n\n\n<figure class=\"wp-block-image\"><img decoding=\"async\" src=\"https:\/\/portal.institutguindavols.cat\/wp-content\/uploads\/D8FEF48C-AC51-4222-B030-4D80D1210F52-9424-000001BDFF6AA544-1024x683.jpg\" alt=\"\" class=\"wp-image-60783\"\/><\/figure>\n\n\n\n<figure class=\"wp-block-image\"><img decoding=\"async\" src=\"https:\/\/portal.institutguindavols.cat\/wp-content\/uploads\/IMG-6330-1024x866.jpg\" alt=\"\" class=\"wp-image-60784\"\/><\/figure>\n\n\n\n<figure class=\"wp-block-image\"><img decoding=\"async\" src=\"https:\/\/portal.institutguindavols.cat\/wp-content\/uploads\/620D099E-392F-4710-A5A9-C42A619EF792-9424-000001BE590AF1DB-1024x683.jpg\" alt=\"\" class=\"wp-image-60785\"\/><\/figure>\n\n\n\n<figure class=\"wp-block-image\"><img decoding=\"async\" src=\"https:\/\/portal.institutguindavols.cat\/wp-content\/uploads\/D1525538-9674-4811-A7E2-0F7F699C6F9E-9424-000001BE2A56E73A-1024x780.jpg\" alt=\"\" class=\"wp-image-60786\"\/><\/figure>\n\n\n\n<p><a href=\"https:\/\/portal.institutguindavols.cat\/index.php\/photos-google\/\">M\u00e9s fotos&#8230;..<\/a><\/p>\n\n\n\n<p>Ens ha arribat el diploma de reconeixement de la tasca de tots i totes.<\/p>\n\n\n\n<figure class=\"wp-block-image\"><img decoding=\"async\" src=\"https:\/\/portal.institutguindavols.cat\/wp-content\/uploads\/DIPLOMA-1-1024x709.gif\" alt=\"\" class=\"wp-image-60776\"\/><\/figure>\n\n\n\n<p>A l\u2019hora vam aprendre molt sobre aquestes malalties de la m\u00e0 de Cristina Arenillas, divulgadora de la\u00a0Marat\u00f3\u00a0de\u00a0TV3.<\/p>\n\n\n\n<figure class=\"wp-block-image\"><img decoding=\"async\" src=\"https:\/\/portal.institutguindavols.cat\/wp-content\/uploads\/IMG-6332-1-1024x768.jpg\" alt=\"\" class=\"wp-image-60779\"\/><\/figure>\n\n\n\n<p><\/p>\n","protected":false},"excerpt":{"rendered":"<p>El passat mes de desembre l\u2019alumnat i el professorat de l\u2019INS Guind\u00e0vols vam recollir 386 \u20ac per a la investigaci\u00f3 de les malalties minorit\u00e0ries amb el Xocol\u00b7labora. Aquest curs l\u2019import recollit ha estat net gr\u00e0cies \u00a0a la implicaci\u00f3 de Plusfr\u00e9sc que ens ha facilitat la&hellip;  <a href=\"https:\/\/agora.xtec.cat\/iesguindavols\/general\/386-e-laportacio-de-guindavols-a-la-marato-de-tv3\/\" title=\"Read 386 \u20ac l\u2019aportaci\u00f3 de Guind\u00e0vols a la Marat\u00f3 de TV3\">Llegeix m\u00e9s\u00bb<\/a><\/p>\n","protected":false},"author":1,"featured_media":60789,"comment_status":"closed","ping_status":"closed","sticky":false,"template":"","format":"standard","meta":{"_bbp_topic_count":0,"_bbp_reply_count":0,"_bbp_total_topic_count":0,"_bbp_total_reply_count":0,"_bbp_voice_count":0,"_bbp_anonymous_reply_count":0,"_bbp_topic_count_hidden":0,"_bbp_reply_count_hidden":0,"_bbp_forum_subforum_count":0,"footnotes":""},"categories":[1],"tags":[],"class_list":["post-60775","post","type-post","status-publish","format-standard","has-post-thumbnail","hentry","category-general"],"post_mailing_queue_ids":[],"_links":{"self":[{"href":"https:\/\/agora.xtec.cat\/iesguindavols\/wp-json\/wp\/v2\/posts\/60775","targetHints":{"allow":["GET"]}}],"collection":[{"href":"https:\/\/agora.xtec.cat\/iesguindavols\/wp-json\/wp\/v2\/posts"}],"about":[{"href":"https:\/\/agora.xtec.cat\/iesguindavols\/wp-json\/wp\/v2\/types\/post"}],"author":[{"embeddable":true,"href":"https:\/\/agora.xtec.cat\/iesguindavols\/wp-json\/wp\/v2\/users\/1"}],"replies":[{"embeddable":true,"href":"https:\/\/agora.xtec.cat\/iesguindavols\/wp-json\/wp\/v2\/comments?post=60775"}],"version-history":[{"count":0,"href":"https:\/\/agora.xtec.cat\/iesguindavols\/wp-json\/wp\/v2\/posts\/60775\/revisions"}],"wp:featuredmedia":[{"embeddable":true,"href":"https:\/\/agora.xtec.cat\/iesguindavols\/wp-json\/"}],"wp:attachment":[{"href":"https:\/\/agora.xtec.cat\/iesguindavols\/wp-json\/wp\/v2\/media?parent=60775"}],"wp:term":[{"taxonomy":"category","embeddable":true,"href":"https:\/\/agora.xtec.cat\/iesguindavols\/wp-json\/wp\/v2\/categories?post=60775"},{"taxonomy":"post_tag","embeddable":true,"href":"https:\/\/agora.xtec.cat\/iesguindavols\/wp-json\/wp\/v2\/tags?post=60775"}],"curies":[{"name":"wp","href":"https:\/\/api.w.org\/{rel}","templated":true}]}}