{"id":60712,"date":"2020-01-25T17:40:22","date_gmt":"2020-01-25T17:40:22","guid":{"rendered":"https:\/\/portal.institutguindavols.cat\/?p=60712"},"modified":"2020-01-25T17:40:22","modified_gmt":"2020-01-25T17:40:22","slug":"participacio-en-la-inauguracio-de-lexposicio-de-lleida-a-mauthausen","status":"publish","type":"post","link":"https:\/\/agora.xtec.cat\/iesguindavols\/general\/participacio-en-la-inauguracio-de-lexposicio-de-lleida-a-mauthausen\/","title":{"rendered":"Participaci\u00f3 en la inauguraci\u00f3 de l&#8217;exposici\u00f3 &#8220;De Lleida a Mauthausen&#8221;"},"content":{"rendered":"\n<p>El dimecres, dia 22 de gener, es va inaugurar l&#8217;exposici\u00f3 &#8220;De Lleida a Mauthausen&#8221; en la que van participar els nostres exalumnes  Alba Gen\u00eds, Judit Montoro i \u00c0lex Montoro.  Tots tres van participar en el viatge que es va realitzar a \u00c0ustria entre els dies 3 i 6 de maig de 2019, gr\u00e0cies al conveni signat entre l&#8217;Amical de Mauthausen i  la Paeria per tal de fomentar i impulsar activitats de mem\u00f2ria hist\u00f2rica. <\/p>\n\n\n\n<p>En aquest viatge van participar alumnat dels centres que formen part del grup DEMD Lleida (Exili, Deportaci\u00f3 i Holocaust) del Departament d&#8217;Ensenyament i Memorial Democr\u00e0tic. En concret van viatjar 14 alumnes dels instituts d&#8217;Almenar, Caparrella, Guind\u00e0vols, Josep Lladonosa i Torre Vicens.<\/p>\n\n\n\n<p>L&#8217;objectiu del viatge fou participar en les activitats de celebraci\u00f3 del 74\u00e8 aniversari de l&#8217;alliberament del camp de Mauthausen, sent els protagonistes en l&#8217;acte que es va realitzar en el Memorial de la Generalitat de Catalunya, llegint un manifest en record dels mestres republicans exiliats i van ser deportats als camps.<\/p>\n\n\n\n<p>L&#8217;exposici\u00f3 explica l&#8217;itinerari seguit a trav\u00e9s de fotografies i textos dels propis alumnes. Restar\u00e0 a la Paeria fins el 17 de febrer i despr\u00e9s far\u00e0 un recorregut itinerant a trav\u00e9s dels centres participants.<\/p>\n\n\n\n<p>Us animem a visitar-la. <\/p>\n\n\n\n<p>Podeu trobar el v\u00eddeo del viatge en la <a href=\"https:\/\/sites.google.com\/xtec.cat\/memoria-lleida-secundaria\/activitats\/curs-20192020\/presentaci%C3%B3-de-lexposici%C3%B3-de-lleida-a-mauthausen\">web del grup de treball DEMD <\/a><\/p>\n\n\n\n<p><\/p>\n\n\n\n<ul class=\"wp-block-gallery columns-3 is-cropped wp-block-gallery-1 is-layout-flex wp-block-gallery-is-layout-flex\"><li class=\"blocks-gallery-item\"><figure><img decoding=\"async\" src=\"https:\/\/portal.institutguindavols.cat\/wp-content\/uploads\/IMG-20200116-WA0001-1-724x1024.jpg\" alt=\"\" data-id=\"60714\" data-link=\"https:\/\/portal.institutguindavols.cat\/?attachment_id=60714\" class=\"wp-image-60714\"\/><\/figure><\/li><li class=\"blocks-gallery-item\"><figure><img decoding=\"async\" src=\"https:\/\/portal.institutguindavols.cat\/wp-content\/uploads\/IMG-20200122-WA0034-768x1024.jpg\" alt=\"\" data-id=\"60718\" data-link=\"https:\/\/portal.institutguindavols.cat\/?attachment_id=60718\" class=\"wp-image-60718\"\/><\/figure><\/li><li class=\"blocks-gallery-item\"><figure><img decoding=\"async\" src=\"https:\/\/portal.institutguindavols.cat\/wp-content\/uploads\/IMG-20200122-WA0033-768x1024.jpg\" alt=\"\" data-id=\"60717\" data-link=\"https:\/\/portal.institutguindavols.cat\/?attachment_id=60717\" class=\"wp-image-60717\"\/><\/figure><\/li><li class=\"blocks-gallery-item\"><figure><img decoding=\"async\" src=\"https:\/\/portal.institutguindavols.cat\/wp-content\/uploads\/IMG-20200122-WA0039-1024x768.jpg\" alt=\"\" data-id=\"60723\" data-link=\"https:\/\/portal.institutguindavols.cat\/?attachment_id=60723\" class=\"wp-image-60723\"\/><\/figure><\/li><li class=\"blocks-gallery-item\"><figure><img decoding=\"async\" src=\"https:\/\/portal.institutguindavols.cat\/wp-content\/uploads\/IMG-20200122-WA0036-768x1024.jpg\" alt=\"\" data-id=\"60720\" data-link=\"https:\/\/portal.institutguindavols.cat\/?attachment_id=60720\" class=\"wp-image-60720\"\/><\/figure><\/li><li class=\"blocks-gallery-item\"><figure><img decoding=\"async\" src=\"https:\/\/portal.institutguindavols.cat\/wp-content\/uploads\/IMG-20200122-WA0038-768x1024.jpg\" alt=\"\" data-id=\"60722\" data-link=\"https:\/\/portal.institutguindavols.cat\/?attachment_id=60722\" class=\"wp-image-60722\"\/><\/figure><\/li><li class=\"blocks-gallery-item\"><figure><img decoding=\"async\" src=\"https:\/\/portal.institutguindavols.cat\/wp-content\/uploads\/IMG-20200122-WA0035-768x1024.jpg\" alt=\"\" data-id=\"60719\" data-link=\"https:\/\/portal.institutguindavols.cat\/?attachment_id=60719\" class=\"wp-image-60719\"\/><\/figure><\/li><li class=\"blocks-gallery-item\"><figure><img decoding=\"async\" src=\"https:\/\/portal.institutguindavols.cat\/wp-content\/uploads\/IMG-20200122-WA0026-768x1024.jpg\" alt=\"\" data-id=\"60713\" data-link=\"https:\/\/portal.institutguindavols.cat\/?attachment_id=60713\" class=\"wp-image-60713\"\/><\/figure><\/li><\/ul>\n","protected":false},"excerpt":{"rendered":"<p>El dimecres, dia 22 de gener, es va inaugurar l&#8217;exposici\u00f3 &#8220;De Lleida a Mauthausen&#8221; en la que van participar els nostres exalumnes  Alba Gen\u00eds, Judit Montoro i \u00c0lex Montoro.  Tots tres van participar en el viatge que es va realitzar a \u00c0ustria entre&hellip;  <a href=\"https:\/\/agora.xtec.cat\/iesguindavols\/general\/participacio-en-la-inauguracio-de-lexposicio-de-lleida-a-mauthausen\/\" title=\"Read Participaci\u00f3 en la inauguraci\u00f3 de l&#8217;exposici\u00f3 &#8220;De Lleida a Mauthausen&#8221;\">Llegeix m\u00e9s\u00bb<\/a><\/p>\n","protected":false},"author":1,"featured_media":60713,"comment_status":"closed","ping_status":"closed","sticky":false,"template":"","format":"standard","meta":{"_bbp_topic_count":0,"_bbp_reply_count":0,"_bbp_total_topic_count":0,"_bbp_total_reply_count":0,"_bbp_voice_count":0,"_bbp_anonymous_reply_count":0,"_bbp_topic_count_hidden":0,"_bbp_reply_count_hidden":0,"_bbp_forum_subforum_count":0,"footnotes":""},"categories":[1],"tags":[],"class_list":["post-60712","post","type-post","status-publish","format-standard","has-post-thumbnail","hentry","category-general"],"post_mailing_queue_ids":[],"_links":{"self":[{"href":"https:\/\/agora.xtec.cat\/iesguindavols\/wp-json\/wp\/v2\/posts\/60712","targetHints":{"allow":["GET"]}}],"collection":[{"href":"https:\/\/agora.xtec.cat\/iesguindavols\/wp-json\/wp\/v2\/posts"}],"about":[{"href":"https:\/\/agora.xtec.cat\/iesguindavols\/wp-json\/wp\/v2\/types\/post"}],"author":[{"embeddable":true,"href":"https:\/\/agora.xtec.cat\/iesguindavols\/wp-json\/wp\/v2\/users\/1"}],"replies":[{"embeddable":true,"href":"https:\/\/agora.xtec.cat\/iesguindavols\/wp-json\/wp\/v2\/comments?post=60712"}],"version-history":[{"count":0,"href":"https:\/\/agora.xtec.cat\/iesguindavols\/wp-json\/wp\/v2\/posts\/60712\/revisions"}],"wp:featuredmedia":[{"embeddable":true,"href":"https:\/\/agora.xtec.cat\/iesguindavols\/wp-json\/"}],"wp:attachment":[{"href":"https:\/\/agora.xtec.cat\/iesguindavols\/wp-json\/wp\/v2\/media?parent=60712"}],"wp:term":[{"taxonomy":"category","embeddable":true,"href":"https:\/\/agora.xtec.cat\/iesguindavols\/wp-json\/wp\/v2\/categories?post=60712"},{"taxonomy":"post_tag","embeddable":true,"href":"https:\/\/agora.xtec.cat\/iesguindavols\/wp-json\/wp\/v2\/tags?post=60712"}],"curies":[{"name":"wp","href":"https:\/\/api.w.org\/{rel}","templated":true}]}}