{"id":60601,"date":"2019-12-29T20:06:37","date_gmt":"2019-12-29T20:06:37","guid":{"rendered":"https:\/\/portal.institutguindavols.cat\/?p=60601"},"modified":"2019-12-29T20:06:37","modified_gmt":"2019-12-29T20:06:37","slug":"entrenaments-del-campionat-dfp-de-catalunya-2020","status":"publish","type":"post","link":"https:\/\/agora.xtec.cat\/iesguindavols\/general\/entrenaments-del-campionat-dfp-de-catalunya-2020\/","title":{"rendered":"Entrenaments CatSkills, tret de sortida del campionat d&#8217;FP de Catalunya 2020"},"content":{"rendered":"\n<p>Aquest curs, per primer cop, s&#8217;han organitzat sessions d&#8217;entrenament per a la preparaci\u00f3 de la competici\u00f3 de formaci\u00f3 professional de Catalunya que se celebrar\u00e0 el juny de 2020.<\/p>\n\n\n\n<p>El passat 26 de novembre, Gind\u00e0vols va organitzar els entrenaments de les especialitats de <strong>Refrigeraci\u00f3<\/strong> (skill 38) i <strong>Lampisteria i calefacci\u00f3<\/strong> (skill 15), en els que van participar diferents instituts i que van donar el tret de sortida per a la preparaci\u00f3 de l&#8217;alumnat per a la prova que dona acc\u00e9s a la competici\u00f3 estatal SpainSkills. Abel G. i Babacar D. van representar-nos a Refrigeraci\u00f3 i Sergi R. i Lluc J. a Lampisteria. La jornada tamb\u00e9 va servir perqu\u00e8 els tutors que preparen l&#8217;alumnat posin en com\u00fa aspectes t\u00e8cnics de la prova aix\u00ed com de la seva avaluaci\u00f3. <\/p>\n\n\n\n<p>D&#8217;altra banda, el passat 29 de novembre, Jeni B. i  Paula A., alumnes del cicle formatiu de Confecci\u00f3 i moda, van participar en l&#8217;entrenament de l&#8217;skill de <strong>Tecnologia de la moda<\/strong> a l&#8217;Institut La Garrotxa d&#8217;Olot , obtenint el tercer i quart lloc respectivament.<\/p>\n\n\n\n[ngg src=&#8221;galleries&#8221; ids=&#8221;450&#8243; sortorder=&#8221;21504,21508,21505,21506,21507&#8243; display=&#8221;basic_thumbnail&#8221; number_of_columns=&#8221;3&#8243;]\n","protected":false},"excerpt":{"rendered":"<p>Aquest curs, per primer cop, s&#8217;han organitzat sessions d&#8217;entrenament per a la preparaci\u00f3 de la competici\u00f3 de formaci\u00f3 professional de Catalunya que se celebrar\u00e0 el juny de 2020.<\/p>\n<p>El passat 26 de novembre, Gind\u00e0vols va organitzar els entrenaments de les especialitats de Refrigeraci\u00f3 (skill 38) i&hellip;  <a href=\"https:\/\/agora.xtec.cat\/iesguindavols\/general\/entrenaments-del-campionat-dfp-de-catalunya-2020\/\" title=\"Read Entrenaments CatSkills, tret de sortida del campionat d&#8217;FP de Catalunya 2020\">Llegeix m\u00e9s\u00bb<\/a><\/p>\n","protected":false},"author":5,"featured_media":60609,"comment_status":"closed","ping_status":"closed","sticky":false,"template":"","format":"standard","meta":{"_bbp_topic_count":0,"_bbp_reply_count":0,"_bbp_total_topic_count":0,"_bbp_total_reply_count":0,"_bbp_voice_count":0,"_bbp_anonymous_reply_count":0,"_bbp_topic_count_hidden":0,"_bbp_reply_count_hidden":0,"_bbp_forum_subforum_count":0,"footnotes":""},"categories":[1],"tags":[],"class_list":["post-60601","post","type-post","status-publish","format-standard","has-post-thumbnail","hentry","category-general"],"post_mailing_queue_ids":[],"_links":{"self":[{"href":"https:\/\/agora.xtec.cat\/iesguindavols\/wp-json\/wp\/v2\/posts\/60601","targetHints":{"allow":["GET"]}}],"collection":[{"href":"https:\/\/agora.xtec.cat\/iesguindavols\/wp-json\/wp\/v2\/posts"}],"about":[{"href":"https:\/\/agora.xtec.cat\/iesguindavols\/wp-json\/wp\/v2\/types\/post"}],"author":[{"embeddable":true,"href":"https:\/\/agora.xtec.cat\/iesguindavols\/wp-json\/wp\/v2\/users\/5"}],"replies":[{"embeddable":true,"href":"https:\/\/agora.xtec.cat\/iesguindavols\/wp-json\/wp\/v2\/comments?post=60601"}],"version-history":[{"count":0,"href":"https:\/\/agora.xtec.cat\/iesguindavols\/wp-json\/wp\/v2\/posts\/60601\/revisions"}],"wp:featuredmedia":[{"embeddable":true,"href":"https:\/\/agora.xtec.cat\/iesguindavols\/wp-json\/"}],"wp:attachment":[{"href":"https:\/\/agora.xtec.cat\/iesguindavols\/wp-json\/wp\/v2\/media?parent=60601"}],"wp:term":[{"taxonomy":"category","embeddable":true,"href":"https:\/\/agora.xtec.cat\/iesguindavols\/wp-json\/wp\/v2\/categories?post=60601"},{"taxonomy":"post_tag","embeddable":true,"href":"https:\/\/agora.xtec.cat\/iesguindavols\/wp-json\/wp\/v2\/tags?post=60601"}],"curies":[{"name":"wp","href":"https:\/\/api.w.org\/{rel}","templated":true}]}}