{"id":60042,"date":"2019-10-09T20:15:45","date_gmt":"2019-10-09T20:15:45","guid":{"rendered":"https:\/\/portal.institutguindavols.cat\/?p=60042"},"modified":"2019-10-09T20:15:45","modified_gmt":"2019-10-09T20:15:45","slug":"participem-a-la-cursa-de-transports","status":"publish","type":"post","link":"https:\/\/agora.xtec.cat\/iesguindavols\/general\/participem-a-la-cursa-de-transports\/","title":{"rendered":"Participem a la &#8220;Cursa de Transports&#8221;"},"content":{"rendered":"\n<p>\nEl passat divendres 4 d\u2019octubre, alumnes de 3r d\u2019ESO i de 1r de Batxillerat van participar en la \u201cCursa de Transports, de centres de secund\u00e0ria de Lleida\u201d en el marc de la Setmana de la Mobilitat Sostenible i Segura 2019.&nbsp;<\/p>\n\n\n\n<p>L\u2019activitat va consistir a recrear el despla\u00e7ament entre l\u2019institut i la pla\u00e7a Sant Joan, emprant simult\u00e0niament diferents mitjans de transport (a peu, en bicicleta, autob\u00fas i taxi) per&nbsp; comparar el temps de viatge, la difer\u00e8ncia de cost econ\u00f2mic i ambiental, amb la finalitat de difondre els avantatges de la mobilitat sostenible.<\/p>\n\n\n\n<p>Els resultats obtinguts van permetre a l\u2019alumnat prendre consci\u00e8ncia de la necessitat d\u2019utilitzar un mitj\u00e0 de transport sostenible davant l\u2019emerg\u00e8ncia clim\u00e0tica que s\u2019est\u00e0 vivint actualment.<\/p>\n\n\n\n[ngg src=&#8221;galleries&#8221; ids=&#8221;442&#8243; display=&#8221;basic_slideshow&#8221;]\n","protected":false},"excerpt":{"rendered":"<p>El passat divendres 4 d\u2019octubre, alumnes de 3r d\u2019ESO i de 1r de Batxillerat van participar en la \u201cCursa de Transports, de centres de secund\u00e0ria de Lleida\u201d en el marc de la Setmana de la Mobilitat Sostenible i Segura 2019.&nbsp;<\/p>\n<p>L\u2019activitat va consistir a recrear el&hellip;  <a href=\"https:\/\/agora.xtec.cat\/iesguindavols\/general\/participem-a-la-cursa-de-transports\/\" title=\"Read Participem a la &#8220;Cursa de Transports&#8221;\">Llegeix m\u00e9s\u00bb<\/a><\/p>\n","protected":false},"author":1,"featured_media":60054,"comment_status":"closed","ping_status":"closed","sticky":false,"template":"","format":"standard","meta":{"_bbp_topic_count":0,"_bbp_reply_count":0,"_bbp_total_topic_count":0,"_bbp_total_reply_count":0,"_bbp_voice_count":0,"_bbp_anonymous_reply_count":0,"_bbp_topic_count_hidden":0,"_bbp_reply_count_hidden":0,"_bbp_forum_subforum_count":0,"footnotes":""},"categories":[1],"tags":[],"class_list":["post-60042","post","type-post","status-publish","format-standard","has-post-thumbnail","hentry","category-general"],"post_mailing_queue_ids":[],"_links":{"self":[{"href":"https:\/\/agora.xtec.cat\/iesguindavols\/wp-json\/wp\/v2\/posts\/60042","targetHints":{"allow":["GET"]}}],"collection":[{"href":"https:\/\/agora.xtec.cat\/iesguindavols\/wp-json\/wp\/v2\/posts"}],"about":[{"href":"https:\/\/agora.xtec.cat\/iesguindavols\/wp-json\/wp\/v2\/types\/post"}],"author":[{"embeddable":true,"href":"https:\/\/agora.xtec.cat\/iesguindavols\/wp-json\/wp\/v2\/users\/1"}],"replies":[{"embeddable":true,"href":"https:\/\/agora.xtec.cat\/iesguindavols\/wp-json\/wp\/v2\/comments?post=60042"}],"version-history":[{"count":0,"href":"https:\/\/agora.xtec.cat\/iesguindavols\/wp-json\/wp\/v2\/posts\/60042\/revisions"}],"wp:featuredmedia":[{"embeddable":true,"href":"https:\/\/agora.xtec.cat\/iesguindavols\/wp-json\/"}],"wp:attachment":[{"href":"https:\/\/agora.xtec.cat\/iesguindavols\/wp-json\/wp\/v2\/media?parent=60042"}],"wp:term":[{"taxonomy":"category","embeddable":true,"href":"https:\/\/agora.xtec.cat\/iesguindavols\/wp-json\/wp\/v2\/categories?post=60042"},{"taxonomy":"post_tag","embeddable":true,"href":"https:\/\/agora.xtec.cat\/iesguindavols\/wp-json\/wp\/v2\/tags?post=60042"}],"curies":[{"name":"wp","href":"https:\/\/api.w.org\/{rel}","templated":true}]}}