{"id":60032,"date":"2019-10-02T07:16:55","date_gmt":"2019-10-02T07:16:55","guid":{"rendered":"https:\/\/portal.institutguindavols.cat\/?p=60032"},"modified":"2019-10-02T07:16:55","modified_gmt":"2019-10-02T07:16:55","slug":"international-language-day","status":"publish","type":"post","link":"https:\/\/agora.xtec.cat\/iesguindavols\/general\/international-language-day\/","title":{"rendered":"INTERNATIONAL LANGUAGE DAY"},"content":{"rendered":"\n<p>El passat 26 de setembre vam celebrar el Dia Europeu de les Lleng\u00fces al Centre. Els 47 estats membres del Consell d&#8217;Europa animen  m\u00e9s de 800 milions d&#8217;europeus a aprendre m\u00e9s lleng\u00fces a qualsevol edat dins i fora de l&#8217;escola.<br> Conven\u00e7uts que la diversitat ling\u00fc\u00edstica \u00e9s una eina per a aconseguir una major comprensi\u00f3 intercultural i un element clau en la rica her\u00e8ncia cultural  del nostre continent, el Consell d&#8217;Europa promou el `pluriling\u00fcisme a tota Europa. <br> Per iniciativa del Consell d&#8217;Europa a Estrasburg, el Dia Europeu de les Lleng\u00fces se celebra des de 2001, el 26 de setembre i aix\u00ed ho vam fer. Vam sentir paraules en catal\u00e0, castell\u00e0, angl\u00e8s, franc\u00e8s, rus, ucraini\u00e0, \u00e0rab, portugu\u00e8s, roman\u00e8s, urdu, w\u00f3lof&#8230;.<br> Vegeu una mostra de les lleng\u00fces que es parlen al nostre Centre en els seg\u00fcents enlla\u00e7os .<\/p>\n\n\n\n<figure class=\"wp-block-embed-instagram wp-block-embed is-type-rich is-provider-instagram\"><div class=\"wp-block-embed__wrapper\">\nhttps:\/\/www.instagram.com\/p\/B239PEcFLcO\/\n<\/div><\/figure>\n\n\n\n<figure class=\"wp-block-embed-instagram wp-block-embed is-type-rich is-provider-instagram\"><div class=\"wp-block-embed__wrapper\">\nhttps:\/\/www.instagram.com\/p\/B239fYVlOYi\/\n<\/div><\/figure>\n\n\n\n<figure class=\"wp-block-embed-instagram wp-block-embed is-type-rich is-provider-instagram\"><div class=\"wp-block-embed__wrapper\">\nhttps:\/\/www.instagram.com\/p\/B2391uzlwkX\/\n<\/div><\/figure>\n\n\n\n<p><\/p>\n","protected":false},"excerpt":{"rendered":"<p>El passat 26 de setembre vam celebrar el Dia Europeu de les Lleng\u00fces al Centre. Els 47 estats membres del Consell d&#8217;Europa animen  m\u00e9s de 800 milions d&#8217;europeus a aprendre m\u00e9s lleng\u00fces a qualsevol edat dins i fora de l&#8217;escola. Conven\u00e7uts que la diversitat&hellip;  <a href=\"https:\/\/agora.xtec.cat\/iesguindavols\/general\/international-language-day\/\" title=\"Read INTERNATIONAL LANGUAGE DAY\">Llegeix m\u00e9s\u00bb<\/a><\/p>\n","protected":false},"author":1,"featured_media":60056,"comment_status":"closed","ping_status":"closed","sticky":false,"template":"","format":"standard","meta":{"_bbp_topic_count":0,"_bbp_reply_count":0,"_bbp_total_topic_count":0,"_bbp_total_reply_count":0,"_bbp_voice_count":0,"_bbp_anonymous_reply_count":0,"_bbp_topic_count_hidden":0,"_bbp_reply_count_hidden":0,"_bbp_forum_subforum_count":0,"footnotes":""},"categories":[1],"tags":[],"class_list":["post-60032","post","type-post","status-publish","format-standard","has-post-thumbnail","hentry","category-general"],"post_mailing_queue_ids":[],"_links":{"self":[{"href":"https:\/\/agora.xtec.cat\/iesguindavols\/wp-json\/wp\/v2\/posts\/60032","targetHints":{"allow":["GET"]}}],"collection":[{"href":"https:\/\/agora.xtec.cat\/iesguindavols\/wp-json\/wp\/v2\/posts"}],"about":[{"href":"https:\/\/agora.xtec.cat\/iesguindavols\/wp-json\/wp\/v2\/types\/post"}],"author":[{"embeddable":true,"href":"https:\/\/agora.xtec.cat\/iesguindavols\/wp-json\/wp\/v2\/users\/1"}],"replies":[{"embeddable":true,"href":"https:\/\/agora.xtec.cat\/iesguindavols\/wp-json\/wp\/v2\/comments?post=60032"}],"version-history":[{"count":0,"href":"https:\/\/agora.xtec.cat\/iesguindavols\/wp-json\/wp\/v2\/posts\/60032\/revisions"}],"wp:featuredmedia":[{"embeddable":true,"href":"https:\/\/agora.xtec.cat\/iesguindavols\/wp-json\/"}],"wp:attachment":[{"href":"https:\/\/agora.xtec.cat\/iesguindavols\/wp-json\/wp\/v2\/media?parent=60032"}],"wp:term":[{"taxonomy":"category","embeddable":true,"href":"https:\/\/agora.xtec.cat\/iesguindavols\/wp-json\/wp\/v2\/categories?post=60032"},{"taxonomy":"post_tag","embeddable":true,"href":"https:\/\/agora.xtec.cat\/iesguindavols\/wp-json\/wp\/v2\/tags?post=60032"}],"curies":[{"name":"wp","href":"https:\/\/api.w.org\/{rel}","templated":true}]}}