{"id":59883,"date":"2019-07-12T09:53:37","date_gmt":"2019-07-12T09:53:37","guid":{"rendered":"https:\/\/portal.institutguindavols.cat\/?p=59883"},"modified":"2019-07-12T09:53:37","modified_gmt":"2019-07-12T09:53:37","slug":"alba-genis-a-lacte-de-collocacio-de-stolperstein-a-lleida","status":"publish","type":"post","link":"https:\/\/agora.xtec.cat\/iesguindavols\/general\/alba-genis-a-lacte-de-collocacio-de-stolperstein-a-lleida\/","title":{"rendered":"Alba Gen\u00eds a l&#8217;acte de col\u00b7locaci\u00f3 de Stolperstein a Lleida"},"content":{"rendered":"\n<p>Alba Gen\u00eds, alumna de 2n de Batxillerat, va participar el passat 29 de juny en l&#8217;acte de col\u00b7locaci\u00f3 de les Stolperstein a Lleida en mem\u00f2ria dels lleidatans deportats als camps nazis. Va tenir la gran oportunitat de col\u00b7laborar en la lectura de les biografies d&#8217;alguns dels lleidatans homenatjats. I de manera concreta, va donar a con\u00e8ixer la biografia de Josep Pach Rosell\u00f3, amb dades que han estat recentment descobertes gr\u00e0cies a un treball de recerca realitzat en el nostre centre.<\/p>\n\n\n\n<p>L&#8217;itinerari ens va portar als domicilis de cadascun dels 10 lleidatans que havien patit l&#8217;horror dels camps de concentraci\u00f3 nazis durant la II Guerra Mundial i que van haver d&#8217;exiliar-se amb la fi de la Guerra Civil i la imposici\u00f3 del r\u00e8gim dictatorial del General Franco.<\/p>\n\n\n\n<p>Amb aquest acte i la col\u00b7locaci\u00f3 de les Stolperstein es fa una aportaci\u00f3 a la recuperaci\u00f3 de la mem\u00f2ria hist\u00f2rica de la Lleida de la Guerra Civil i l&#8217;exili.<\/p>\n\n\n\n<p>Agra\u00efm a l&#8217;Alba que ens represent\u00e9s en un dia tan especial.<\/p>\n\n\n\n<ul class=\"wp-block-gallery columns-3 is-cropped wp-block-gallery-1 is-layout-flex wp-block-gallery-is-layout-flex\"><li class=\"blocks-gallery-item\"><figure><img decoding=\"async\" src=\"https:\/\/portal.institutguindavols.cat\/wp-content\/uploads\/IMG_20190712_113623.jpg\" alt=\"\" data-id=\"59901\" data-link=\"https:\/\/portal.institutguindavols.cat\/?attachment_id=59901\" class=\"wp-image-59901\"\/><\/figure><\/li><li class=\"blocks-gallery-item\"><figure><img decoding=\"async\" src=\"https:\/\/portal.institutguindavols.cat\/wp-content\/uploads\/IMG_20190712_113628-735x1024.jpg\" alt=\"\" data-id=\"59902\" data-link=\"https:\/\/portal.institutguindavols.cat\/?attachment_id=59902\" class=\"wp-image-59902\"\/><\/figure><\/li><li class=\"blocks-gallery-item\"><figure><img decoding=\"async\" src=\"https:\/\/portal.institutguindavols.cat\/wp-content\/uploads\/IMG-20190629-WA0001-768x1024.jpg\" alt=\"\" data-id=\"59888\" data-link=\"https:\/\/portal.institutguindavols.cat\/?attachment_id=59888\" class=\"wp-image-59888\"\/><\/figure><\/li><li class=\"blocks-gallery-item\"><figure><img decoding=\"async\" src=\"https:\/\/portal.institutguindavols.cat\/wp-content\/uploads\/IMG_20190712_113439-768x1024.jpg\" alt=\"\" data-id=\"59903\" data-link=\"https:\/\/portal.institutguindavols.cat\/?attachment_id=59903\" class=\"wp-image-59903\"\/><\/figure><\/li><li class=\"blocks-gallery-item\"><figure><img decoding=\"async\" src=\"https:\/\/portal.institutguindavols.cat\/wp-content\/uploads\/alumnes-participants-1024x768.jpg\" alt=\"\" data-id=\"59885\" data-link=\"https:\/\/portal.institutguindavols.cat\/?attachment_id=59885\" class=\"wp-image-59885\"\/><\/figure><\/li><li class=\"blocks-gallery-item\"><figure><img decoding=\"async\" src=\"https:\/\/portal.institutguindavols.cat\/wp-content\/uploads\/domenec-Mi\u00f1ano-Lozano-768x1024.jpg\" alt=\"\" data-id=\"59886\" data-link=\"https:\/\/portal.institutguindavols.cat\/?attachment_id=59886\" class=\"wp-image-59886\"\/><\/figure><\/li><li class=\"blocks-gallery-item\"><figure><img decoding=\"async\" src=\"https:\/\/portal.institutguindavols.cat\/wp-content\/uploads\/Enric-curi\u00e0-Gatius-768x1024.jpg\" alt=\"\" data-id=\"59887\" data-link=\"https:\/\/portal.institutguindavols.cat\/?attachment_id=59887\" class=\"wp-image-59887\"\/><\/figure><\/li><li class=\"blocks-gallery-item\"><figure><img decoding=\"async\" src=\"https:\/\/portal.institutguindavols.cat\/wp-content\/uploads\/IMG-20190629-WA0006-768x1024.jpg\" alt=\"\" data-id=\"59889\" data-link=\"https:\/\/portal.institutguindavols.cat\/?attachment_id=59889\" class=\"wp-image-59889\"\/><\/figure><\/li><li class=\"blocks-gallery-item\"><figure><img decoding=\"async\" src=\"https:\/\/portal.institutguindavols.cat\/wp-content\/uploads\/Josep-Estrada-Fabregat-768x1024.jpg\" alt=\"\" data-id=\"59890\" data-link=\"https:\/\/portal.institutguindavols.cat\/?attachment_id=59890\" class=\"wp-image-59890\"\/><\/figure><\/li><li class=\"blocks-gallery-item\"><figure><img decoding=\"async\" src=\"https:\/\/portal.institutguindavols.cat\/wp-content\/uploads\/IMG_20190712_113558-768x1024.jpg\" alt=\"\" data-id=\"59898\" data-link=\"https:\/\/portal.institutguindavols.cat\/?attachment_id=59898\" class=\"wp-image-59898\"\/><\/figure><\/li><li class=\"blocks-gallery-item\"><figure><img decoding=\"async\" src=\"https:\/\/portal.institutguindavols.cat\/wp-content\/uploads\/IMG_20190712_113605-768x1024.jpg\" alt=\"\" data-id=\"59899\" data-link=\"https:\/\/portal.institutguindavols.cat\/?attachment_id=59899\" class=\"wp-image-59899\"\/><\/figure><\/li><li class=\"blocks-gallery-item\"><figure><img decoding=\"async\" src=\"https:\/\/portal.institutguindavols.cat\/wp-content\/uploads\/IMG_20190712_113450-768x1024.jpg\" alt=\"\" data-id=\"59904\" data-link=\"https:\/\/portal.institutguindavols.cat\/?attachment_id=59904\" class=\"wp-image-59904\"\/><\/figure><\/li><li class=\"blocks-gallery-item\"><figure><img decoding=\"async\" src=\"https:\/\/portal.institutguindavols.cat\/wp-content\/uploads\/IMG_20190712_113459-768x1024.jpg\" alt=\"\" data-id=\"59905\" data-link=\"https:\/\/portal.institutguindavols.cat\/?attachment_id=59905\" class=\"wp-image-59905\"\/><\/figure><\/li><li class=\"blocks-gallery-item\"><figure><img decoding=\"async\" src=\"https:\/\/portal.institutguindavols.cat\/wp-content\/uploads\/IMG_20190712_113518-768x1024.jpg\" alt=\"\" data-id=\"59907\" data-link=\"https:\/\/portal.institutguindavols.cat\/?attachment_id=59907\" class=\"wp-image-59907\"\/><\/figure><\/li><li class=\"blocks-gallery-item\"><figure><img decoding=\"async\" src=\"https:\/\/portal.institutguindavols.cat\/wp-content\/uploads\/IMG_20190712_113528-768x1024.jpg\" alt=\"\" data-id=\"59908\" data-link=\"https:\/\/portal.institutguindavols.cat\/?attachment_id=59908\" class=\"wp-image-59908\"\/><\/figure><\/li><li class=\"blocks-gallery-item\"><figure><img decoding=\"async\" src=\"https:\/\/portal.institutguindavols.cat\/wp-content\/uploads\/IMG_20190712_113534-768x1024.jpg\" alt=\"\" data-id=\"59909\" data-link=\"https:\/\/portal.institutguindavols.cat\/?attachment_id=59909\" class=\"wp-image-59909\"\/><\/figure><\/li><\/ul>\n","protected":false},"excerpt":{"rendered":"<p>Alba Gen\u00eds, alumna de 2n de Batxillerat, va participar el passat 29 de juny en l&#8217;acte de col\u00b7locaci\u00f3 de les Stolperstein a Lleida en mem\u00f2ria dels lleidatans deportats als camps nazis. Va tenir la gran oportunitat de col\u00b7laborar en la lectura de les biografies d&#8217;alguns&hellip;  <a href=\"https:\/\/agora.xtec.cat\/iesguindavols\/general\/alba-genis-a-lacte-de-collocacio-de-stolperstein-a-lleida\/\" title=\"Read Alba Gen\u00eds a l&#8217;acte de col\u00b7locaci\u00f3 de Stolperstein a Lleida\">Llegeix m\u00e9s\u00bb<\/a><\/p>\n","protected":false},"author":1,"featured_media":59885,"comment_status":"closed","ping_status":"closed","sticky":false,"template":"","format":"standard","meta":{"_bbp_topic_count":0,"_bbp_reply_count":0,"_bbp_total_topic_count":0,"_bbp_total_reply_count":0,"_bbp_voice_count":0,"_bbp_anonymous_reply_count":0,"_bbp_topic_count_hidden":0,"_bbp_reply_count_hidden":0,"_bbp_forum_subforum_count":0,"footnotes":""},"categories":[1],"tags":[],"class_list":["post-59883","post","type-post","status-publish","format-standard","has-post-thumbnail","hentry","category-general"],"post_mailing_queue_ids":[],"_links":{"self":[{"href":"https:\/\/agora.xtec.cat\/iesguindavols\/wp-json\/wp\/v2\/posts\/59883","targetHints":{"allow":["GET"]}}],"collection":[{"href":"https:\/\/agora.xtec.cat\/iesguindavols\/wp-json\/wp\/v2\/posts"}],"about":[{"href":"https:\/\/agora.xtec.cat\/iesguindavols\/wp-json\/wp\/v2\/types\/post"}],"author":[{"embeddable":true,"href":"https:\/\/agora.xtec.cat\/iesguindavols\/wp-json\/wp\/v2\/users\/1"}],"replies":[{"embeddable":true,"href":"https:\/\/agora.xtec.cat\/iesguindavols\/wp-json\/wp\/v2\/comments?post=59883"}],"version-history":[{"count":0,"href":"https:\/\/agora.xtec.cat\/iesguindavols\/wp-json\/wp\/v2\/posts\/59883\/revisions"}],"wp:featuredmedia":[{"embeddable":true,"href":"https:\/\/agora.xtec.cat\/iesguindavols\/wp-json\/"}],"wp:attachment":[{"href":"https:\/\/agora.xtec.cat\/iesguindavols\/wp-json\/wp\/v2\/media?parent=59883"}],"wp:term":[{"taxonomy":"category","embeddable":true,"href":"https:\/\/agora.xtec.cat\/iesguindavols\/wp-json\/wp\/v2\/categories?post=59883"},{"taxonomy":"post_tag","embeddable":true,"href":"https:\/\/agora.xtec.cat\/iesguindavols\/wp-json\/wp\/v2\/tags?post=59883"}],"curies":[{"name":"wp","href":"https:\/\/api.w.org\/{rel}","templated":true}]}}