{"id":59347,"date":"2019-06-25T13:05:14","date_gmt":"2019-06-25T13:05:14","guid":{"rendered":"https:\/\/portal.institutguindavols.cat\/?p=59347"},"modified":"2019-06-25T13:05:14","modified_gmt":"2019-06-25T13:05:14","slug":"tarda-de-projectes-de-1r-deso","status":"publish","type":"post","link":"https:\/\/agora.xtec.cat\/iesguindavols\/general\/tarda-de-projectes-de-1r-deso\/","title":{"rendered":"TARDA DE PROJECTES DE 1r D&#8217;ESO"},"content":{"rendered":"\n<p>El passat 19 de juny  va tenir lloc la inauguraci\u00f3 de l&#8217;exposici\u00f3&#8221;Els Or\u00edgens&#8221; de productes finals que l&#8217;alumnat de 1r d&#8217;ESO ha dut a terme durant el curs acad\u00e8mic 18-19 dins del treball de projectes interdisciplinars. A l&#8217;exposici\u00f3 tamb\u00e9 hi havia altres treballs realitzats en diferents mat\u00e8ries curriculars. A m\u00e9s a m\u00e9s, es van explicar els resultats dels experiments realitzats a l&#8217;hort vertical  durant tot el curs.<\/p>\n\n\n\n[ngg src=&#8221;galleries&#8221; ids=&#8221;438&#8243; display=&#8221;basic_slideshow&#8221;]\n","protected":false},"excerpt":{"rendered":"<p>El passat 19 de juny  va tenir lloc la inauguraci\u00f3 de l&#8217;exposici\u00f3&#8221;Els Or\u00edgens&#8221; de productes finals que l&#8217;alumnat de 1r d&#8217;ESO ha dut a terme durant el curs acad\u00e8mic 18-19 dins del treball de projectes interdisciplinars. A l&#8217;exposici\u00f3 tamb\u00e9 hi havia altres treballs realitzats&hellip;  <a href=\"https:\/\/agora.xtec.cat\/iesguindavols\/general\/tarda-de-projectes-de-1r-deso\/\" title=\"Read TARDA DE PROJECTES DE 1r D&#8217;ESO\">Llegeix m\u00e9s\u00bb<\/a><\/p>\n","protected":false},"author":1,"featured_media":59285,"comment_status":"closed","ping_status":"closed","sticky":false,"template":"","format":"standard","meta":{"_bbp_topic_count":0,"_bbp_reply_count":0,"_bbp_total_topic_count":0,"_bbp_total_reply_count":0,"_bbp_voice_count":0,"_bbp_anonymous_reply_count":0,"_bbp_topic_count_hidden":0,"_bbp_reply_count_hidden":0,"_bbp_forum_subforum_count":0,"footnotes":""},"categories":[1],"tags":[],"class_list":["post-59347","post","type-post","status-publish","format-standard","has-post-thumbnail","hentry","category-general"],"post_mailing_queue_ids":[],"_links":{"self":[{"href":"https:\/\/agora.xtec.cat\/iesguindavols\/wp-json\/wp\/v2\/posts\/59347","targetHints":{"allow":["GET"]}}],"collection":[{"href":"https:\/\/agora.xtec.cat\/iesguindavols\/wp-json\/wp\/v2\/posts"}],"about":[{"href":"https:\/\/agora.xtec.cat\/iesguindavols\/wp-json\/wp\/v2\/types\/post"}],"author":[{"embeddable":true,"href":"https:\/\/agora.xtec.cat\/iesguindavols\/wp-json\/wp\/v2\/users\/1"}],"replies":[{"embeddable":true,"href":"https:\/\/agora.xtec.cat\/iesguindavols\/wp-json\/wp\/v2\/comments?post=59347"}],"version-history":[{"count":0,"href":"https:\/\/agora.xtec.cat\/iesguindavols\/wp-json\/wp\/v2\/posts\/59347\/revisions"}],"wp:featuredmedia":[{"embeddable":true,"href":"https:\/\/agora.xtec.cat\/iesguindavols\/wp-json\/"}],"wp:attachment":[{"href":"https:\/\/agora.xtec.cat\/iesguindavols\/wp-json\/wp\/v2\/media?parent=59347"}],"wp:term":[{"taxonomy":"category","embeddable":true,"href":"https:\/\/agora.xtec.cat\/iesguindavols\/wp-json\/wp\/v2\/categories?post=59347"},{"taxonomy":"post_tag","embeddable":true,"href":"https:\/\/agora.xtec.cat\/iesguindavols\/wp-json\/wp\/v2\/tags?post=59347"}],"curies":[{"name":"wp","href":"https:\/\/api.w.org\/{rel}","templated":true}]}}