{"id":58645,"date":"2019-06-15T14:47:08","date_gmt":"2019-06-15T14:47:08","guid":{"rendered":"https:\/\/portal.institutguindavols.cat\/?p=58645"},"modified":"2019-06-15T14:47:08","modified_gmt":"2019-06-15T14:47:08","slug":"ester-gil-a-la-final-de-lolimpiada-agroalimentaria-i-forestal","status":"publish","type":"post","link":"https:\/\/agora.xtec.cat\/iesguindavols\/general\/ester-gil-a-la-final-de-lolimpiada-agroalimentaria-i-forestal\/","title":{"rendered":"Ester Gil a la final de l\u2019Olimp\u00edada Agroaliment\u00e0ria i Forestal"},"content":{"rendered":"<p dir=\"ltr\" style=\"line-height: 1.38; margin-top: 0pt; margin-bottom: 0pt\" id=\"docs-internal-guid-074a23ce-7fff-8bbe-75c3-74c4c4cdfffa\"><span style=\"font-size: 11pt; font-family: Arial; color: #000000; background-color: transparent; font-weight: 400; font-style: normal; font-variant: normal; text-decoration: none; vertical-align: baseline; white-space: pre; white-space: pre-wrap\">Aquest mat\u00ed s&#8217;ha celebrat a Madrid la final de l&#8217;Olimp\u00edada Agroaliment\u00e0ria i Forestal. La nostra alumna Ester Gil, 1a classificada en Biologia a Lleida, ha estat una de les participants.<\/span><\/p>\n<p dir=\"ltr\" style=\"line-height: 1.38; margin-top: 0pt; margin-bottom: 0pt\" id=\"docs-internal-guid-074a23ce-7fff-8bbe-75c3-74c4c4cdfffa\"><span style=\"font-size: 11pt; font-family: Arial; color: #000000; background-color: transparent; font-weight: 400; font-style: normal; font-variant: normal; text-decoration: none; vertical-align: baseline; white-space: pre; white-space: pre-wrap\"><img loading=\"lazy\" decoding=\"async\" src=\"https:\/\/portal.institutguindavols.cat\/wp-content\/uploads\/91600bb2-dae1-4f65-accc-4fde6fd6cb5f-1.jpg\" class=\"size-full wp-image-58644\" width=\"515\" height=\"494\"><\/span><\/p>\n<p dir=\"ltr\" style=\"line-height: 1.38; margin-top: 0pt; margin-bottom: 0pt\"><span style=\"font-size: 11pt; font-family: Arial; color: #000000; background-color: transparent; font-weight: 400; font-style: normal; font-variant: normal; text-decoration: none; vertical-align: baseline; white-space: pre; white-space: pre-wrap\">L&#8217;alumnat millor classificat a la fase final pot ser mereixedor, si hi est\u00e0 interessat, de matr\u00edcula gratu\u00efta al primer curs d&#8217;un dels graus impartits a l&#8217;ETSEA: biotecnologia, ci\u00e8ncia i tecnologia d&#8217;aliments, enginyeria agr\u00e0ria i aliment\u00e0ria, enginyeria forestal, enginyeria forestal i conservaci\u00f3 de la natura, i veterin\u00e0ria i ci\u00e8ncia i producci\u00f3 animal.<\/span><\/p>\n<p dir=\"ltr\" style=\"line-height: 1.38; margin-top: 0pt; margin-bottom: 0pt\"><span style=\"font-size: 11pt; font-family: Arial; color: #000000; background-color: transparent; font-weight: 400; font-style: normal; font-variant: normal; text-decoration: none; vertical-align: baseline; white-space: pre; white-space: pre-wrap\"><a href=\"http:\/\/www.udl.cat\/ca\/serveis\/oficina\/Noticies\/Record-de-participants-a-lOlimpiada-Agroalimentaria-i-Agroambiental\/\">http:\/\/www.udl.cat\/ca\/serveis\/oficina\/Noticies\/Record-de-participants-a-lOlimpiada-Agroalimentaria-i-Agroambiental\/<\/a><\/span><\/p>\n<p dir=\"ltr\" style=\"line-height: 1.38; margin-top: 0pt; margin-bottom: 0pt\"><span style=\"font-size: 11pt; font-family: Arial; color: #000000; background-color: transparent; font-weight: 400; font-style: normal; font-variant: normal; text-decoration: none; vertical-align: baseline; white-space: pre; white-space: pre-wrap\">L&#8217;any pasat tamb\u00e9 van ser dos alumnes nostres els que van representar a Lleida: Daniel Saureu en biologia i Karla Keaveny en CTMA. Aquesta \u00faltima va ser la guanyadora de la fase estatal.<\/span><\/p>\n<p dir=\"ltr\" style=\"line-height: 1.38; margin-top: 0pt; margin-bottom: 0pt\" id=\"docs-internal-guid-074a23ce-7fff-8bbe-75c3-74c4c4cdfffa\"><span style=\"font-size: 11pt; font-family: Arial; color: #000000; background-color: transparent; font-weight: 400; font-style: normal; font-variant: normal; text-decoration: none; vertical-align: baseline; white-space: pre; white-space: pre-wrap\"><img loading=\"lazy\" decoding=\"async\" src=\"https:\/\/portal.institutguindavols.cat\/wp-content\/uploads\/e612bfbd-91c7-49fb-a5c9-6b9b8200e938.jpg\" class=\"size-full wp-image-58648\" width=\"1600\" height=\"900\"><\/span><span style=\"font-size: 11pt; font-family: Arial; color: #000000; background-color: transparent; font-weight: 400; font-style: normal; font-variant: normal; text-decoration: none; vertical-align: baseline; white-space: pre; white-space: pre-wrap\"><img loading=\"lazy\" decoding=\"async\" src=\"https:\/\/portal.institutguindavols.cat\/wp-content\/uploads\/6a209ca1-e010-4c96-b464-10621e7da88e-1.jpg\" class=\"size-full wp-image-58649\" width=\"1600\" height=\"1200\"><\/span><\/p>\n","protected":false},"excerpt":{"rendered":"<p>Aquest mat\u00ed s&#8217;ha celebrat a Madrid la final de l&#8217;Olimp\u00edada Agroaliment\u00e0ria i Forestal. La nostra alumna Ester Gil, 1a classificada en Biologia a Lleida, ha estat una de les participants.<\/p>\n<p>L&#8217;alumnat millor classificat a la fase final pot ser mereixedor, si hi est\u00e0 interessat, de matr\u00edcula&hellip;  <a href=\"https:\/\/agora.xtec.cat\/iesguindavols\/general\/ester-gil-a-la-final-de-lolimpiada-agroalimentaria-i-forestal\/\" title=\"Read Ester Gil a la final de l\u2019Olimp\u00edada Agroaliment\u00e0ria i Forestal\">Llegeix m\u00e9s\u00bb<\/a><\/p>\n","protected":false},"author":1,"featured_media":58647,"comment_status":"closed","ping_status":"closed","sticky":false,"template":"","format":"standard","meta":{"_bbp_topic_count":0,"_bbp_reply_count":0,"_bbp_total_topic_count":0,"_bbp_total_reply_count":0,"_bbp_voice_count":0,"_bbp_anonymous_reply_count":0,"_bbp_topic_count_hidden":0,"_bbp_reply_count_hidden":0,"_bbp_forum_subforum_count":0,"footnotes":""},"categories":[8,107,108,1,143],"tags":[],"class_list":["post-58645","post","type-post","status-publish","format-standard","has-post-thumbnail","hentry","category-batxillerat","category-centre","category-ciencies-experimentals","category-general","category-noticies"],"post_mailing_queue_ids":[],"_links":{"self":[{"href":"https:\/\/agora.xtec.cat\/iesguindavols\/wp-json\/wp\/v2\/posts\/58645","targetHints":{"allow":["GET"]}}],"collection":[{"href":"https:\/\/agora.xtec.cat\/iesguindavols\/wp-json\/wp\/v2\/posts"}],"about":[{"href":"https:\/\/agora.xtec.cat\/iesguindavols\/wp-json\/wp\/v2\/types\/post"}],"author":[{"embeddable":true,"href":"https:\/\/agora.xtec.cat\/iesguindavols\/wp-json\/wp\/v2\/users\/1"}],"replies":[{"embeddable":true,"href":"https:\/\/agora.xtec.cat\/iesguindavols\/wp-json\/wp\/v2\/comments?post=58645"}],"version-history":[{"count":0,"href":"https:\/\/agora.xtec.cat\/iesguindavols\/wp-json\/wp\/v2\/posts\/58645\/revisions"}],"wp:featuredmedia":[{"embeddable":true,"href":"https:\/\/agora.xtec.cat\/iesguindavols\/wp-json\/"}],"wp:attachment":[{"href":"https:\/\/agora.xtec.cat\/iesguindavols\/wp-json\/wp\/v2\/media?parent=58645"}],"wp:term":[{"taxonomy":"category","embeddable":true,"href":"https:\/\/agora.xtec.cat\/iesguindavols\/wp-json\/wp\/v2\/categories?post=58645"},{"taxonomy":"post_tag","embeddable":true,"href":"https:\/\/agora.xtec.cat\/iesguindavols\/wp-json\/wp\/v2\/tags?post=58645"}],"curies":[{"name":"wp","href":"https:\/\/api.w.org\/{rel}","templated":true}]}}