{"id":58599,"date":"2019-06-10T11:09:05","date_gmt":"2019-06-10T11:09:05","guid":{"rendered":"https:\/\/portal.institutguindavols.cat\/?p=58599"},"modified":"2019-06-10T11:09:05","modified_gmt":"2019-06-10T11:09:05","slug":"maria-perez-finalista-al-concurs-el-gust-per-la-lectura","status":"publish","type":"post","link":"https:\/\/agora.xtec.cat\/iesguindavols\/general\/maria-perez-finalista-al-concurs-el-gust-per-la-lectura\/","title":{"rendered":"Maria P\u00e9rez, finalista al concurs &#8220;El gust per la lectura&#8221;"},"content":{"rendered":"\n<p>L\u2019alumna de 2n de\nbatxillerat A, Maria P\u00e9rez Trilla, ha estat finalista en la XXIV edici\u00f3 del concurs\nliterari \u2018El gust per la lectura\u2019 que organitza el Departament d\u2019Educaci\u00f3. L\u2019objectiu\nde la convocat\u00f2ria \u00e9s llegir i treballar una s\u00e8rie d\u2019obres liter\u00e0ries\nseleccionades segons diferents categories. La Maria hi va participar en la categoria\nE, adre\u00e7ada a alumnes de batxillerat i d\u2019educaci\u00f3 d\u2019adults, amb la redacci\u00f3\nd\u2019un diari personal d\u2019una de les protagonistes de <em>Mirall trencat<\/em> de\nMerc\u00e8 Rodoreda, lectura prescriptiva de 2n de batxillerat. L\u2019acte de lliurament\ndels premis es va celebrar el 5 de juny al CaixaF\u00f2rum de Barcelona. <\/p>\n\n\n\n<p>Enhorabona per la feina\nfeta, Maria! <\/p>\n","protected":false},"excerpt":{"rendered":"<p>L\u2019alumna de 2n de<br \/>\nbatxillerat A, Maria P\u00e9rez Trilla, ha estat finalista en la XXIV edici\u00f3 del concurs<br \/>\nliterari \u2018El gust per la lectura\u2019 que organitza el Departament d\u2019Educaci\u00f3. L\u2019objectiu<br \/>\nde la convocat\u00f2ria \u00e9s llegir i treballar una s\u00e8rie d\u2019obres liter\u00e0ries<br \/>\nseleccionades segons diferents categories. La Maria hi va&hellip;  <a href=\"https:\/\/agora.xtec.cat\/iesguindavols\/general\/maria-perez-finalista-al-concurs-el-gust-per-la-lectura\/\" title=\"Read Maria P\u00e9rez, finalista al concurs &#8220;El gust per la lectura&#8221;\">Llegeix m\u00e9s\u00bb<\/a><\/p>\n","protected":false},"author":1,"featured_media":58601,"comment_status":"closed","ping_status":"closed","sticky":false,"template":"","format":"standard","meta":{"_bbp_topic_count":0,"_bbp_reply_count":0,"_bbp_total_topic_count":0,"_bbp_total_reply_count":0,"_bbp_voice_count":0,"_bbp_anonymous_reply_count":0,"_bbp_topic_count_hidden":0,"_bbp_reply_count_hidden":0,"_bbp_forum_subforum_count":0,"footnotes":""},"categories":[1],"tags":[],"class_list":["post-58599","post","type-post","status-publish","format-standard","has-post-thumbnail","hentry","category-general"],"post_mailing_queue_ids":[],"_links":{"self":[{"href":"https:\/\/agora.xtec.cat\/iesguindavols\/wp-json\/wp\/v2\/posts\/58599","targetHints":{"allow":["GET"]}}],"collection":[{"href":"https:\/\/agora.xtec.cat\/iesguindavols\/wp-json\/wp\/v2\/posts"}],"about":[{"href":"https:\/\/agora.xtec.cat\/iesguindavols\/wp-json\/wp\/v2\/types\/post"}],"author":[{"embeddable":true,"href":"https:\/\/agora.xtec.cat\/iesguindavols\/wp-json\/wp\/v2\/users\/1"}],"replies":[{"embeddable":true,"href":"https:\/\/agora.xtec.cat\/iesguindavols\/wp-json\/wp\/v2\/comments?post=58599"}],"version-history":[{"count":0,"href":"https:\/\/agora.xtec.cat\/iesguindavols\/wp-json\/wp\/v2\/posts\/58599\/revisions"}],"wp:featuredmedia":[{"embeddable":true,"href":"https:\/\/agora.xtec.cat\/iesguindavols\/wp-json\/"}],"wp:attachment":[{"href":"https:\/\/agora.xtec.cat\/iesguindavols\/wp-json\/wp\/v2\/media?parent=58599"}],"wp:term":[{"taxonomy":"category","embeddable":true,"href":"https:\/\/agora.xtec.cat\/iesguindavols\/wp-json\/wp\/v2\/categories?post=58599"},{"taxonomy":"post_tag","embeddable":true,"href":"https:\/\/agora.xtec.cat\/iesguindavols\/wp-json\/wp\/v2\/tags?post=58599"}],"curies":[{"name":"wp","href":"https:\/\/api.w.org\/{rel}","templated":true}]}}