{"id":58279,"date":"2019-05-22T06:24:51","date_gmt":"2019-05-22T06:24:51","guid":{"rendered":"https:\/\/portal.institutguindavols.cat\/?p=58279"},"modified":"2019-05-22T06:24:51","modified_gmt":"2019-05-22T06:24:51","slug":"viatge-a-mauthausen","status":"publish","type":"post","link":"https:\/\/agora.xtec.cat\/iesguindavols\/general\/viatge-a-mauthausen\/","title":{"rendered":"Viatge a Mauthausen"},"content":{"rendered":"\n<p>Tres alumnes del nostre centre (Alba Gen\u00eds, \u00c1lex Montoro i Judit Montoro) de 2n de Batxillerat han tingut la gran oportunitat de participar en els actes de commemoraci\u00f3 de l&#8217;alliberament del camp de concentraci\u00f3 de Mauthausen. El viatge s&#8217;ha realitzat entre els dies 2 i 6 de maig i han estat acompanyats per representants de l&#8217;Amical de Mauthausen, de l&#8217;Ajuntament de Lleida i de professors del grup de treball DEMD que viatjaven, tamb\u00e9, amb alumnat dels seus centres.<\/p>\n\n\n\n<p>El viatge s&#8217;ha pogut dur a terme gr\u00e0cies al conveni de co\u00b7laboraci\u00f3 signat entre l&#8217;Ajuntament de Lleida i l&#8217;Amical de Mauthausen. El grup que ha pogut gaudir de l&#8217;experi\u00e8ncia estava format per alumnat dels centres que integren el grup DEMD, que impulsa activitats educatives que giren al voltant de la mem\u00f2ria hist\u00f2rica. En concret, es tracta dels centres: INS Almenar, INS Caparrella, INS Guind\u00e0vols, INS Lladonosa i INS Torre Vicens.<\/p>\n\n\n\n<p>Us deixem en aquest enlla\u00e7 la cr\u00f2nica detallada del viatge:<\/p>\n\n\n\n<p><a href=\"https:\/\/sites.google.com\/xtec.cat\/memoria-lleida-secundaria\/activitats\/curs-20182019\/del-segri%C3%A0-a-mauthausen\">Del Segri\u00e0 a Mathausen<\/a><\/p>\n\n\n\n<p>Des d&#8217;aqu\u00ed agra\u00efm a l&#8217;Ajuntament de Lleida i l&#8217;Amical de Mauthausen aquesta oportunitat. <\/p>\n\n\n\n<p>El nostre alumnat ha viscut una experi\u00e8ncia que mai oblidar\u00e0.<\/p>\n\n\n\n<ul class=\"wp-block-gallery aligncenter columns-3 is-cropped wp-block-gallery-1 is-layout-flex wp-block-gallery-is-layout-flex\"><li class=\"blocks-gallery-item\"><figure><img decoding=\"async\" src=\"https:\/\/portal.institutguindavols.cat\/wp-content\/uploads\/IMG-20190504-WA0005-1-1024x768.jpg\" alt=\"\" data-id=\"58280\" data-link=\"https:\/\/portal.institutguindavols.cat\/?attachment_id=58280\" class=\"wp-image-58280\"\/><\/figure><\/li><li class=\"blocks-gallery-item\"><figure><img decoding=\"async\" src=\"https:\/\/portal.institutguindavols.cat\/wp-content\/uploads\/IMG-20190504-WA0007-1024x768.jpg\" alt=\"\" data-id=\"58281\" data-link=\"https:\/\/portal.institutguindavols.cat\/?attachment_id=58281\" class=\"wp-image-58281\"\/><\/figure><\/li><li class=\"blocks-gallery-item\"><figure><img decoding=\"async\" src=\"https:\/\/portal.institutguindavols.cat\/wp-content\/uploads\/IMG-20190505-WA0000-1024x768.jpg\" alt=\"\" data-id=\"58282\" data-link=\"https:\/\/portal.institutguindavols.cat\/?attachment_id=58282\" class=\"wp-image-58282\"\/><\/figure><\/li><\/ul>\n\n\n\n<p><\/p>\n","protected":false},"excerpt":{"rendered":"<p>Tres alumnes del nostre centre (Alba Gen\u00eds, \u00c1lex Montoro i Judit Montoro) de 2n de Batxillerat han tingut la gran oportunitat de participar en els actes de commemoraci\u00f3 de l&#8217;alliberament del camp de concentraci\u00f3 de Mauthausen. El viatge s&#8217;ha realitzat entre els dies 2 i&hellip;  <a href=\"https:\/\/agora.xtec.cat\/iesguindavols\/general\/viatge-a-mauthausen\/\" title=\"Read Viatge a Mauthausen\">Llegeix m\u00e9s\u00bb<\/a><\/p>\n","protected":false},"author":1,"featured_media":58282,"comment_status":"closed","ping_status":"closed","sticky":false,"template":"","format":"standard","meta":{"_bbp_topic_count":0,"_bbp_reply_count":0,"_bbp_total_topic_count":0,"_bbp_total_reply_count":0,"_bbp_voice_count":0,"_bbp_anonymous_reply_count":0,"_bbp_topic_count_hidden":0,"_bbp_reply_count_hidden":0,"_bbp_forum_subforum_count":0,"footnotes":""},"categories":[1],"tags":[],"class_list":["post-58279","post","type-post","status-publish","format-standard","has-post-thumbnail","hentry","category-general"],"post_mailing_queue_ids":[],"_links":{"self":[{"href":"https:\/\/agora.xtec.cat\/iesguindavols\/wp-json\/wp\/v2\/posts\/58279","targetHints":{"allow":["GET"]}}],"collection":[{"href":"https:\/\/agora.xtec.cat\/iesguindavols\/wp-json\/wp\/v2\/posts"}],"about":[{"href":"https:\/\/agora.xtec.cat\/iesguindavols\/wp-json\/wp\/v2\/types\/post"}],"author":[{"embeddable":true,"href":"https:\/\/agora.xtec.cat\/iesguindavols\/wp-json\/wp\/v2\/users\/1"}],"replies":[{"embeddable":true,"href":"https:\/\/agora.xtec.cat\/iesguindavols\/wp-json\/wp\/v2\/comments?post=58279"}],"version-history":[{"count":0,"href":"https:\/\/agora.xtec.cat\/iesguindavols\/wp-json\/wp\/v2\/posts\/58279\/revisions"}],"wp:featuredmedia":[{"embeddable":true,"href":"https:\/\/agora.xtec.cat\/iesguindavols\/wp-json\/"}],"wp:attachment":[{"href":"https:\/\/agora.xtec.cat\/iesguindavols\/wp-json\/wp\/v2\/media?parent=58279"}],"wp:term":[{"taxonomy":"category","embeddable":true,"href":"https:\/\/agora.xtec.cat\/iesguindavols\/wp-json\/wp\/v2\/categories?post=58279"},{"taxonomy":"post_tag","embeddable":true,"href":"https:\/\/agora.xtec.cat\/iesguindavols\/wp-json\/wp\/v2\/tags?post=58279"}],"curies":[{"name":"wp","href":"https:\/\/api.w.org\/{rel}","templated":true}]}}