{"id":58235,"date":"2019-05-17T10:57:12","date_gmt":"2019-05-17T10:57:12","guid":{"rendered":"https:\/\/portal.institutguindavols.cat\/?p=58235"},"modified":"2019-05-17T10:57:12","modified_gmt":"2019-05-17T10:57:12","slug":"trobada-de-corals-de-secundaria","status":"publish","type":"post","link":"https:\/\/agora.xtec.cat\/iesguindavols\/general\/trobada-de-corals-de-secundaria\/","title":{"rendered":"Trobada de Corals de Secund\u00e0ria"},"content":{"rendered":"\n[ngg src=&#8221;galleries&#8221; ids=&#8221;428&#8243; display=&#8221;basic_thumbnail&#8221;]\n\n\n\n<p>Amb l\u2019alumnat de\n1r d\u2019ESO hem participat a la <strong>XXV TROBADA\nDE CORALS d\u2019Educaci\u00f3 Secund\u00e0ria de Catalunya<\/strong>. Se celebr\u00e0 a les nostres\ncontrades, a Cervera, juntament amb altres 105 Instituts d\u2019arreu del pa\u00eds,\nsumant un total de 4500 alumnes. \n\nDes de comen\u00e7ament de curs hem estat treballant amb l\u2019alumnat les\ncan\u00e7ons per a aquest esdeveniment musical tant important. &nbsp;Amb el concert conjunt de la Trobada fem m\u00fasica amb les\naltres corals,&nbsp; proporcionant un espai on es visualitza el treball dut a\nterme. A la cantada vam estar acompanyats de diferents orquestres de Catalunya\nentre les quals l\u2019Orquestra del Conservatori de Lleida\n\n\n\n<\/p>\n","protected":false},"excerpt":{"rendered":"<p>[ngg src=&#8221;galleries&#8221; ids=&#8221;428&#8243; display=&#8221;basic_thumbnail&#8221;]<\/p>\n<p>Amb l\u2019alumnat de<br \/>\n1r d\u2019ESO hem participat a la XXV TROBADA<br \/>\nDE CORALS d\u2019Educaci\u00f3 Secund\u00e0ria de Catalunya. Se celebr\u00e0 a les nostres<br \/>\ncontrades, a Cervera, juntament amb altres 105 Instituts d\u2019arreu del pa\u00eds,<br \/>\nsumant un total de 4500 alumnes. <\/p>\n<p>Des de comen\u00e7ament de curs hem estat&hellip;  <a href=\"https:\/\/agora.xtec.cat\/iesguindavols\/general\/trobada-de-corals-de-secundaria\/\" title=\"Read Trobada de Corals de Secund\u00e0ria\">Llegeix m\u00e9s\u00bb<\/a><\/p>\n","protected":false},"author":8,"featured_media":58236,"comment_status":"closed","ping_status":"closed","sticky":false,"template":"","format":"standard","meta":{"_bbp_topic_count":0,"_bbp_reply_count":0,"_bbp_total_topic_count":0,"_bbp_total_reply_count":0,"_bbp_voice_count":0,"_bbp_anonymous_reply_count":0,"_bbp_topic_count_hidden":0,"_bbp_reply_count_hidden":0,"_bbp_forum_subforum_count":0,"footnotes":""},"categories":[1],"tags":[],"class_list":["post-58235","post","type-post","status-publish","format-standard","has-post-thumbnail","hentry","category-general"],"post_mailing_queue_ids":[],"_links":{"self":[{"href":"https:\/\/agora.xtec.cat\/iesguindavols\/wp-json\/wp\/v2\/posts\/58235","targetHints":{"allow":["GET"]}}],"collection":[{"href":"https:\/\/agora.xtec.cat\/iesguindavols\/wp-json\/wp\/v2\/posts"}],"about":[{"href":"https:\/\/agora.xtec.cat\/iesguindavols\/wp-json\/wp\/v2\/types\/post"}],"author":[{"embeddable":true,"href":"https:\/\/agora.xtec.cat\/iesguindavols\/wp-json\/wp\/v2\/users\/8"}],"replies":[{"embeddable":true,"href":"https:\/\/agora.xtec.cat\/iesguindavols\/wp-json\/wp\/v2\/comments?post=58235"}],"version-history":[{"count":0,"href":"https:\/\/agora.xtec.cat\/iesguindavols\/wp-json\/wp\/v2\/posts\/58235\/revisions"}],"wp:featuredmedia":[{"embeddable":true,"href":"https:\/\/agora.xtec.cat\/iesguindavols\/wp-json\/"}],"wp:attachment":[{"href":"https:\/\/agora.xtec.cat\/iesguindavols\/wp-json\/wp\/v2\/media?parent=58235"}],"wp:term":[{"taxonomy":"category","embeddable":true,"href":"https:\/\/agora.xtec.cat\/iesguindavols\/wp-json\/wp\/v2\/categories?post=58235"},{"taxonomy":"post_tag","embeddable":true,"href":"https:\/\/agora.xtec.cat\/iesguindavols\/wp-json\/wp\/v2\/tags?post=58235"}],"curies":[{"name":"wp","href":"https:\/\/api.w.org\/{rel}","templated":true}]}}