{"id":57607,"date":"2019-03-23T23:44:16","date_gmt":"2019-03-23T23:44:16","guid":{"rendered":"https:\/\/portal.institutguindavols.cat\/?p=57607"},"modified":"2019-03-23T23:44:16","modified_gmt":"2019-03-23T23:44:16","slug":"aprenent-ecologia-a-la-vall-de-boi","status":"publish","type":"post","link":"https:\/\/agora.xtec.cat\/iesguindavols\/general\/aprenent-ecologia-a-la-vall-de-boi\/","title":{"rendered":"Aprenent ecologia a la Vall de Bo\u00ed"},"content":{"rendered":"<p>Un any m\u00e9s aprenent ecologia al camp d\u2019aprenentatge de la Vall de Bo\u00ed. Hem comen\u00e7at calculant la biomassa i la producci\u00f3 d&#8217;un bosc per a prendre decisions sobre la seva gesti\u00f3.<\/p>\n<p><img loading=\"lazy\" decoding=\"async\" src=\"https:\/\/portal.institutguindavols.cat\/wp-content\/uploads\/img_3653-1.jpg\" class=\"size-full wp-image-57610\" width=\"3264\" height=\"2448\"><img loading=\"lazy\" decoding=\"async\" src=\"https:\/\/portal.institutguindavols.cat\/wp-content\/uploads\/img_3648-1.jpg\" class=\"size-full wp-image-57611\" width=\"3264\" height=\"2448\"><img loading=\"lazy\" decoding=\"async\" src=\"https:\/\/portal.institutguindavols.cat\/wp-content\/uploads\/img_3644-1-1.jpg\" class=\"size-full wp-image-57614\" width=\"3264\" height=\"2448\"><img loading=\"lazy\" decoding=\"async\" src=\"https:\/\/portal.institutguindavols.cat\/wp-content\/uploads\/img_3663-1.jpg\" class=\"size-full wp-image-57613\" width=\"3264\" height=\"2448\">El segon dia hem estudiat l&#8217;estat dels nostres rius a trav\u00e8s de l&#8217;estudi dels macroinvertebrats, de l&#8217;estat del bosc de ribera i dels par\u00e0metres f\u00edsico-qu\u00edmics de l&#8217;aigua.<\/p>\n<p><img loading=\"lazy\" decoding=\"async\" src=\"https:\/\/portal.institutguindavols.cat\/wp-content\/uploads\/img_3679.jpg\" class=\"size-full wp-image-57623\" width=\"3264\" height=\"2448\"><img loading=\"lazy\" decoding=\"async\" src=\"https:\/\/portal.institutguindavols.cat\/wp-content\/uploads\/img_3681.jpg\" class=\"size-full wp-image-57622\" width=\"3264\" height=\"2448\"><img loading=\"lazy\" decoding=\"async\" src=\"https:\/\/portal.institutguindavols.cat\/wp-content\/uploads\/701ae010-2edb-4c15-ac12-b710692915e4.jpg\" class=\"size-full wp-image-57618\" width=\"1200\" height=\"1600\"><img loading=\"lazy\" decoding=\"async\" src=\"https:\/\/portal.institutguindavols.cat\/wp-content\/uploads\/img_3710.jpg\" class=\"size-full wp-image-57617\" width=\"3264\" height=\"2448\"><img loading=\"lazy\" decoding=\"async\" src=\"https:\/\/portal.institutguindavols.cat\/wp-content\/uploads\/img_3692.jpg\" class=\"size-full wp-image-57626\" width=\"3264\" height=\"2448\"><\/p>\n<p><img loading=\"lazy\" decoding=\"async\" src=\"https:\/\/portal.institutguindavols.cat\/wp-content\/uploads\/img_3708.jpg\" class=\"size-full wp-image-57620\" width=\"3264\" height=\"2448\"><\/p>\n<p>Investigant la fotos\u00edntesi i aprenent a interpretar el paissatge acabem la nostra estada en el CdA de la Vall de Bo\u00ed. Gr\u00e0cies C\u00e8sar, Laia i Marta.<\/p>\n<p><img loading=\"lazy\" decoding=\"async\" src=\"https:\/\/portal.institutguindavols.cat\/wp-content\/uploads\/img_3719-1-1.jpg\" class=\"size-full wp-image-57621\" width=\"3264\" height=\"2448\"><img loading=\"lazy\" decoding=\"async\" src=\"https:\/\/portal.institutguindavols.cat\/wp-content\/uploads\/img_3727.jpg\" class=\"size-full wp-image-57624\" width=\"2641\" height=\"2197\"><img loading=\"lazy\" decoding=\"async\" src=\"https:\/\/portal.institutguindavols.cat\/wp-content\/uploads\/c76e4791-0d1d-4926-aee7-7c415fd88975.jpg\" class=\"size-full wp-image-57616\" width=\"1011\" height=\"1274\"><\/p>\n","protected":false},"excerpt":{"rendered":"<p>Un any m\u00e9s aprenent ecologia al camp d\u2019aprenentatge de la Vall de Bo\u00ed. Hem comen\u00e7at calculant la biomassa i la producci\u00f3 d&#8217;un bosc per a prendre decisions sobre la seva gesti\u00f3.<br \/>\nEl segon dia hem estudiat l&#8217;estat dels nostres rius a trav\u00e8s de l&#8217;estudi dels macroinvertebrats,&hellip;  <a href=\"https:\/\/agora.xtec.cat\/iesguindavols\/general\/aprenent-ecologia-a-la-vall-de-boi\/\" title=\"Read Aprenent ecologia a la Vall de Bo\u00ed\">Llegeix m\u00e9s\u00bb<\/a><\/p>\n","protected":false},"author":1,"featured_media":57623,"comment_status":"closed","ping_status":"closed","sticky":false,"template":"","format":"standard","meta":{"_bbp_topic_count":0,"_bbp_reply_count":0,"_bbp_total_topic_count":0,"_bbp_total_reply_count":0,"_bbp_voice_count":0,"_bbp_anonymous_reply_count":0,"_bbp_topic_count_hidden":0,"_bbp_reply_count_hidden":0,"_bbp_forum_subforum_count":0,"footnotes":""},"categories":[1],"tags":[],"class_list":["post-57607","post","type-post","status-publish","format-standard","has-post-thumbnail","hentry","category-general"],"post_mailing_queue_ids":[],"_links":{"self":[{"href":"https:\/\/agora.xtec.cat\/iesguindavols\/wp-json\/wp\/v2\/posts\/57607","targetHints":{"allow":["GET"]}}],"collection":[{"href":"https:\/\/agora.xtec.cat\/iesguindavols\/wp-json\/wp\/v2\/posts"}],"about":[{"href":"https:\/\/agora.xtec.cat\/iesguindavols\/wp-json\/wp\/v2\/types\/post"}],"author":[{"embeddable":true,"href":"https:\/\/agora.xtec.cat\/iesguindavols\/wp-json\/wp\/v2\/users\/1"}],"replies":[{"embeddable":true,"href":"https:\/\/agora.xtec.cat\/iesguindavols\/wp-json\/wp\/v2\/comments?post=57607"}],"version-history":[{"count":0,"href":"https:\/\/agora.xtec.cat\/iesguindavols\/wp-json\/wp\/v2\/posts\/57607\/revisions"}],"wp:featuredmedia":[{"embeddable":true,"href":"https:\/\/agora.xtec.cat\/iesguindavols\/wp-json\/"}],"wp:attachment":[{"href":"https:\/\/agora.xtec.cat\/iesguindavols\/wp-json\/wp\/v2\/media?parent=57607"}],"wp:term":[{"taxonomy":"category","embeddable":true,"href":"https:\/\/agora.xtec.cat\/iesguindavols\/wp-json\/wp\/v2\/categories?post=57607"},{"taxonomy":"post_tag","embeddable":true,"href":"https:\/\/agora.xtec.cat\/iesguindavols\/wp-json\/wp\/v2\/tags?post=57607"}],"curies":[{"name":"wp","href":"https:\/\/api.w.org\/{rel}","templated":true}]}}