{"id":57294,"date":"2019-03-09T12:20:48","date_gmt":"2019-03-09T12:20:48","guid":{"rendered":"https:\/\/portal.institutguindavols.cat\/?p=57294"},"modified":"2019-03-09T12:20:48","modified_gmt":"2019-03-09T12:20:48","slug":"heu-vist-la-deixalleria-mobil","status":"publish","type":"post","link":"https:\/\/agora.xtec.cat\/iesguindavols\/general\/heu-vist-la-deixalleria-mobil\/","title":{"rendered":"Heu vist la Deixalleria m\u00f2bil?"},"content":{"rendered":"<p><span lang=\"CA\">El dijous 28 de Febrer, l\u2019alumnat de 1r d\u2019ESO va visitar la deixalleria m\u00f2bil ubicada davant del centre. L\u2019objectiu d\u2019aquesta visita \u00e9s que l\u2019alumnat conegui el seu funcionament i s\u00e0piga quins residus no es poden llen\u00e7ar als contenidors de la via p\u00fablica. Per aix\u00f2, el mateix alumnat va portar de casa diferents tipus de residus que va poder dipositar en els contenidors de la deixalleria.&nbsp;<\/span><\/p>\n<div class=\"yj6qo\">&nbsp;<\/div>\n<div class=\"adL\"><img loading=\"lazy\" decoding=\"async\" class=\"alignnone size-large wp-image-57295\" src=\"https:\/\/portal.institutguindavols.cat\/wp-content\/uploads\/IMG_20190228_104942-1024x768.jpg\" alt=\"\" width=\"900\" height=\"675\"> <img loading=\"lazy\" decoding=\"async\" class=\"alignnone size-large wp-image-57296\" src=\"https:\/\/portal.institutguindavols.cat\/wp-content\/uploads\/IMG_20190228_111950-1024x768.jpg\" alt=\"\" width=\"900\" height=\"675\"> <img loading=\"lazy\" decoding=\"async\" class=\"alignnone size-large wp-image-57297\" src=\"https:\/\/portal.institutguindavols.cat\/wp-content\/uploads\/IMG_20190228_112402-768x1024.jpg\" alt=\"\" width=\"768\" height=\"1024\"><\/div>\n","protected":false},"excerpt":{"rendered":"<p>El dijous 28 de Febrer, l\u2019alumnat de 1r d\u2019ESO va visitar la deixalleria m\u00f2bil ubicada davant del centre. L\u2019objectiu d\u2019aquesta visita \u00e9s que l\u2019alumnat conegui el seu funcionament i s\u00e0piga quins residus no es poden llen\u00e7ar als contenidors de la via p\u00fablica. Per aix\u00f2, el&hellip;  <a href=\"https:\/\/agora.xtec.cat\/iesguindavols\/general\/heu-vist-la-deixalleria-mobil\/\" title=\"Read Heu vist la Deixalleria m\u00f2bil?\">Llegeix m\u00e9s\u00bb<\/a><\/p>\n","protected":false},"author":1,"featured_media":57298,"comment_status":"closed","ping_status":"closed","sticky":false,"template":"","format":"standard","meta":{"_bbp_topic_count":0,"_bbp_reply_count":0,"_bbp_total_topic_count":0,"_bbp_total_reply_count":0,"_bbp_voice_count":0,"_bbp_anonymous_reply_count":0,"_bbp_topic_count_hidden":0,"_bbp_reply_count_hidden":0,"_bbp_forum_subforum_count":0,"footnotes":""},"categories":[107,1],"tags":[],"class_list":["post-57294","post","type-post","status-publish","format-standard","has-post-thumbnail","hentry","category-centre","category-general"],"post_mailing_queue_ids":[],"_links":{"self":[{"href":"https:\/\/agora.xtec.cat\/iesguindavols\/wp-json\/wp\/v2\/posts\/57294","targetHints":{"allow":["GET"]}}],"collection":[{"href":"https:\/\/agora.xtec.cat\/iesguindavols\/wp-json\/wp\/v2\/posts"}],"about":[{"href":"https:\/\/agora.xtec.cat\/iesguindavols\/wp-json\/wp\/v2\/types\/post"}],"author":[{"embeddable":true,"href":"https:\/\/agora.xtec.cat\/iesguindavols\/wp-json\/wp\/v2\/users\/1"}],"replies":[{"embeddable":true,"href":"https:\/\/agora.xtec.cat\/iesguindavols\/wp-json\/wp\/v2\/comments?post=57294"}],"version-history":[{"count":0,"href":"https:\/\/agora.xtec.cat\/iesguindavols\/wp-json\/wp\/v2\/posts\/57294\/revisions"}],"wp:featuredmedia":[{"embeddable":true,"href":"https:\/\/agora.xtec.cat\/iesguindavols\/wp-json\/"}],"wp:attachment":[{"href":"https:\/\/agora.xtec.cat\/iesguindavols\/wp-json\/wp\/v2\/media?parent=57294"}],"wp:term":[{"taxonomy":"category","embeddable":true,"href":"https:\/\/agora.xtec.cat\/iesguindavols\/wp-json\/wp\/v2\/categories?post=57294"},{"taxonomy":"post_tag","embeddable":true,"href":"https:\/\/agora.xtec.cat\/iesguindavols\/wp-json\/wp\/v2\/tags?post=57294"}],"curies":[{"name":"wp","href":"https:\/\/api.w.org\/{rel}","templated":true}]}}