{"id":57276,"date":"2019-03-22T09:27:38","date_gmt":"2019-03-22T09:27:38","guid":{"rendered":"https:\/\/portal.institutguindavols.cat\/?p=57276"},"modified":"2019-03-22T09:27:38","modified_gmt":"2019-03-22T09:27:38","slug":"representacio-de-lobra-de-teatre-documental-ruhe-a-ins-guindavols","status":"publish","type":"post","link":"https:\/\/agora.xtec.cat\/iesguindavols\/general\/representacio-de-lobra-de-teatre-documental-ruhe-a-ins-guindavols\/","title":{"rendered":"Representaci\u00f3 de l&#8217;obra de teatre-documental Ruhe!! a Ins Guind\u00e0vols"},"content":{"rendered":"<p>L&#8217;Institut Guind\u00e0vols, continuant amb la tasca de contribuir a la conservaci\u00f3 de la mem\u00f2ria hist\u00f2rica, ha posat a l&#8217;abast del nostre alumnat de Batxillerat i Teatre la representaci\u00f3 de l\u2019obra de teatre documental Ruhe!! (Silenci).<\/p>\n<p>L&#8217;obra mostra, a trav\u00e9s del documental i la dramatitzaci\u00f3, la hist\u00f2ria de la deportaci\u00f3 de lleidatans als camps nazis. Es tracta d\u2019una obra produ\u00efda per l\u2019Ajuntament de Lleida, dirigida pel director de teatre local Jaume Bell\u00f3 i interpretada per tres joves actors lleidatans:&nbsp; Wyns Fortu\u00f1o, Sabina Franc\u00e8s i Miquel Rodr\u00edguez.<\/p>\n<p>A partir de la t\u00e8cnica teatral del Teatre Document, s\u2019ha portat a terme una recerca en les hist\u00f2ries que han explicat alguns dels descendents de les persones que van estar als camps de Buchenwald i Mauthausen, i tamb\u00e9 de documents i fotografies que han aportat les fam\u00edlies. Tamb\u00e9 s&#8217;han fet tres entrevistes en profunditat que \u00e9s d\u2019on han sortit els personatges. Paral\u00b7lelament, s\u2019ha recollit diversa documentaci\u00f3 per situar l\u2019obra en el context hist\u00f2ric i familiar de la deportaci\u00f3.<\/p>\n<p>L\u2019obra juga amb les actuacions dels personatges i amb el recolzament de diversos audiovisuals que ajuden a l\u2019espectador a posar-se en la pell de les persones deportades aix\u00ed com en el context hist\u00f2ric dels fets.<\/p>\n<p>Silenci o Ruhe (en alemany) \u00e9s el fil conductor de l&#8217;obra: el Silenci de les persones que es van haver d\u2019exiliar, dels viatges plens de por, el Silenci imposat pels assassins nazis, el Silenci de les v\u00edctimes que van tornar, el Silenci des familiars, el Silenci de l&#8217;administraci\u00f3 feixista.<\/p>\n<p>Per poder trencar aquest Silenci cal fer parlar als testimonis que van viure l\u2019\u00e8poca; ara ja nom\u00e9s ens poden donar el seu testimoni en els documents i els objectes que ens han aportat els seus familiars i que, el que pret\u00e9n l\u2019obra \u00e9s que quedessin en la imaginaci\u00f3 de l\u2019espectador perqu\u00e8 aquesta no sigui una hist\u00f2ria que s&#8217;ompli de la pols de l\u2019oblit i del Silenci.&nbsp;<\/p>\n<p>L&#8217;espectacle parla del viatge, de l&#8217;arribada dels presoners al camp, dels costums que aprenien r\u00e0pidament, i de com aconseguien sobreviure lluitant contra la deshumanitzaci\u00f3 i el maltractament. L\u2019obra busca moure les consci\u00e8ncies personals i estimular la mem\u00f2ria, el record dels que van haver d&#8217;experimentar l&#8217;horror nazi als camps de concentraci\u00f3.<\/p>\n<p>Aquesta obra de teatre s&#8217;est\u00e0 representant als cinc Instituts de Secund\u00e0ria de Lleida que participen del projecte Buchenwald-Mauthausen, liderat per la Paeria en conveni amb l\u2018Amical de Mauthausen.&nbsp; \u00c9s per aix\u00f2 que l&#8217;obra ha arribat a l&#8217;escenari de l&#8217;Institut Guind\u00e0vols.<\/p>\n<p>Aquesta activitat&nbsp; s&#8217;inscriu dins del projecte de recuperaci\u00f3 de la Mem\u00f2ria Democr\u00e0tica endegat el novembre de 2017 per part de l\u2019Ajuntament de Lleida a trav\u00e9s del departament de Drets Civils. T\u00e9 com a objectiu fonamental dignificar i recordar a les persones de la ciutat de Lleida que van ser deportades a diversos camps de concentraci\u00f3 nazis.<\/p>\n<p>Com a membres del grup de treball, l&#8217;Institut Guind\u00e0vols tamb\u00e9 est\u00e0 participant en altres activitats relacionades: visita guiada a l&#8217;Exposici\u00f3 &#8220;Im\u00e1genes y memoria de Mauthausen&#8221;, xerrada realitzada al centre a c\u00e0rrec de Josep San Martin i Teresa Curi\u00e0 i participaci\u00f3 de 3 alumnes del centre en el viatge a Mauthausen que organitza l&#8217;Amical de Mauthasen i subvenciona l&#8217;Ajuntament de Lleida.<\/p>\n<p>&nbsp;<\/p>\n","protected":false},"excerpt":{"rendered":"<p>L&#8217;Institut Guind\u00e0vols, continuant amb la tasca de contribuir a la conservaci\u00f3 de la mem\u00f2ria hist\u00f2rica, ha posat a l&#8217;abast del nostre alumnat de Batxillerat i Teatre la representaci\u00f3 de l\u2019obra de teatre documental Ruhe!! (Silenci).<br \/>\nL&#8217;obra mostra, a trav\u00e9s del documental i la dramatitzaci\u00f3, la hist\u00f2ria&hellip;  <a href=\"https:\/\/agora.xtec.cat\/iesguindavols\/general\/representacio-de-lobra-de-teatre-documental-ruhe-a-ins-guindavols\/\" title=\"Read Representaci\u00f3 de l&#8217;obra de teatre-documental Ruhe!! a Ins Guind\u00e0vols\">Llegeix m\u00e9s\u00bb<\/a><\/p>\n","protected":false},"author":1,"featured_media":57576,"comment_status":"closed","ping_status":"closed","sticky":false,"template":"","format":"standard","meta":{"_bbp_topic_count":0,"_bbp_reply_count":0,"_bbp_total_topic_count":0,"_bbp_total_reply_count":0,"_bbp_voice_count":0,"_bbp_anonymous_reply_count":0,"_bbp_topic_count_hidden":0,"_bbp_reply_count_hidden":0,"_bbp_forum_subforum_count":0,"footnotes":""},"categories":[1],"tags":[],"class_list":["post-57276","post","type-post","status-publish","format-standard","has-post-thumbnail","hentry","category-general"],"post_mailing_queue_ids":[],"_links":{"self":[{"href":"https:\/\/agora.xtec.cat\/iesguindavols\/wp-json\/wp\/v2\/posts\/57276","targetHints":{"allow":["GET"]}}],"collection":[{"href":"https:\/\/agora.xtec.cat\/iesguindavols\/wp-json\/wp\/v2\/posts"}],"about":[{"href":"https:\/\/agora.xtec.cat\/iesguindavols\/wp-json\/wp\/v2\/types\/post"}],"author":[{"embeddable":true,"href":"https:\/\/agora.xtec.cat\/iesguindavols\/wp-json\/wp\/v2\/users\/1"}],"replies":[{"embeddable":true,"href":"https:\/\/agora.xtec.cat\/iesguindavols\/wp-json\/wp\/v2\/comments?post=57276"}],"version-history":[{"count":0,"href":"https:\/\/agora.xtec.cat\/iesguindavols\/wp-json\/wp\/v2\/posts\/57276\/revisions"}],"wp:featuredmedia":[{"embeddable":true,"href":"https:\/\/agora.xtec.cat\/iesguindavols\/wp-json\/"}],"wp:attachment":[{"href":"https:\/\/agora.xtec.cat\/iesguindavols\/wp-json\/wp\/v2\/media?parent=57276"}],"wp:term":[{"taxonomy":"category","embeddable":true,"href":"https:\/\/agora.xtec.cat\/iesguindavols\/wp-json\/wp\/v2\/categories?post=57276"},{"taxonomy":"post_tag","embeddable":true,"href":"https:\/\/agora.xtec.cat\/iesguindavols\/wp-json\/wp\/v2\/tags?post=57276"}],"curies":[{"name":"wp","href":"https:\/\/api.w.org\/{rel}","templated":true}]}}