{"id":57132,"date":"2019-02-22T20:40:56","date_gmt":"2019-02-22T20:40:56","guid":{"rendered":"https:\/\/portal.institutguindavols.cat\/?p=57132"},"modified":"2019-02-22T20:40:56","modified_gmt":"2019-02-22T20:40:56","slug":"xenia-estimar-no-fa-mal","status":"publish","type":"post","link":"https:\/\/agora.xtec.cat\/iesguindavols\/general\/xenia-estimar-no-fa-mal\/","title":{"rendered":"X\u00e8nia, estimar no fa mal"},"content":{"rendered":"<p>L\u2019escriptora del Pa\u00eds Valenci\u00e0 Gemma Pasqual i Escriv\u00e0 ha fet una xerrada a l\u2019alumnat de 2n d\u2019ESO.<\/p>\n<p>Aquesta autora, de for\u00e7a \u00e8xit entre el p\u00fablic juvenil, compta amb molta obra publicada i amb una bona col\u00b7lecci\u00f3 de premis.<\/p>\n<p>En aquesta ocasi\u00f3 la novel\u00b7la que hav\u00edem &nbsp;treballat&nbsp; era \u201cX\u00e8nia, estimar no fa mal\u201d.&nbsp; Aquest llibre forma part d\u2019una saga que es completa amb \u201cX\u00e8nia, tens un whatsapp\u201d i \u201cX\u00e8nia, #keepcalm i fes un tuit\u201d.<\/p>\n<p>En tots ells l\u2019autora, tot enfocant la situaci\u00f3 des d\u2019una \u00f2ptica juvenil, intenta donar eines per resoldre situacions que poden afectar-los en la vida real.<\/p>\n<p>A partir de confessions personals i respostes a les preguntes de l\u2019auditori, la Gemma Pasqual ha anat fent un retrat de la seva vida, de la seva afici\u00f3 a la literatura i d\u2019alguns secrets relacionats amb la creaci\u00f3 dels personatges que poblen els seus llibres. &nbsp;<\/p>\n<p>Ha tancat l\u2019acte amb la signatura d\u2019exemplars de la novel\u00b7la.<br \/>\n<img loading=\"lazy\" decoding=\"async\" class=\"alignnone size-large wp-image-57135\" src=\"https:\/\/portal.institutguindavols.cat\/wp-content\/uploads\/Vista-general-1024x768.jpg\" alt=\"\" width=\"900\" height=\"675\"><br \/>\n<img loading=\"lazy\" decoding=\"async\" src=\"https:\/\/portal.institutguindavols.cat\/wp-content\/uploads\/2-signatures-768x1024.jpg\" alt=\"\" width=\"768\" height=\"1024\" class=\"alignnone size-large wp-image-57134\" \/><\/p>\n","protected":false},"excerpt":{"rendered":"<p>L\u2019escriptora del Pa\u00eds Valenci\u00e0 Gemma Pasqual i Escriv\u00e0 ha fet una xerrada a l\u2019alumnat de 2n d\u2019ESO.<br \/>\nAquesta autora, de for\u00e7a \u00e8xit entre el p\u00fablic juvenil, compta amb molta obra publicada i amb una bona col\u00b7lecci\u00f3 de premis.<br \/>\nEn aquesta ocasi\u00f3 la novel\u00b7la que hav\u00edem &nbsp;treballat&nbsp; era&hellip;  <a href=\"https:\/\/agora.xtec.cat\/iesguindavols\/general\/xenia-estimar-no-fa-mal\/\" title=\"Read X\u00e8nia, estimar no fa mal\">Llegeix m\u00e9s\u00bb<\/a><\/p>\n","protected":false},"author":1,"featured_media":57137,"comment_status":"closed","ping_status":"closed","sticky":false,"template":"","format":"standard","meta":{"_bbp_topic_count":0,"_bbp_reply_count":0,"_bbp_total_topic_count":0,"_bbp_total_reply_count":0,"_bbp_voice_count":0,"_bbp_anonymous_reply_count":0,"_bbp_topic_count_hidden":0,"_bbp_reply_count_hidden":0,"_bbp_forum_subforum_count":0,"footnotes":""},"categories":[109,107,1],"tags":[],"class_list":["post-57132","post","type-post","status-publish","format-standard","has-post-thumbnail","hentry","category-activitats","category-centre","category-general"],"post_mailing_queue_ids":[],"_links":{"self":[{"href":"https:\/\/agora.xtec.cat\/iesguindavols\/wp-json\/wp\/v2\/posts\/57132","targetHints":{"allow":["GET"]}}],"collection":[{"href":"https:\/\/agora.xtec.cat\/iesguindavols\/wp-json\/wp\/v2\/posts"}],"about":[{"href":"https:\/\/agora.xtec.cat\/iesguindavols\/wp-json\/wp\/v2\/types\/post"}],"author":[{"embeddable":true,"href":"https:\/\/agora.xtec.cat\/iesguindavols\/wp-json\/wp\/v2\/users\/1"}],"replies":[{"embeddable":true,"href":"https:\/\/agora.xtec.cat\/iesguindavols\/wp-json\/wp\/v2\/comments?post=57132"}],"version-history":[{"count":0,"href":"https:\/\/agora.xtec.cat\/iesguindavols\/wp-json\/wp\/v2\/posts\/57132\/revisions"}],"wp:featuredmedia":[{"embeddable":true,"href":"https:\/\/agora.xtec.cat\/iesguindavols\/wp-json\/"}],"wp:attachment":[{"href":"https:\/\/agora.xtec.cat\/iesguindavols\/wp-json\/wp\/v2\/media?parent=57132"}],"wp:term":[{"taxonomy":"category","embeddable":true,"href":"https:\/\/agora.xtec.cat\/iesguindavols\/wp-json\/wp\/v2\/categories?post=57132"},{"taxonomy":"post_tag","embeddable":true,"href":"https:\/\/agora.xtec.cat\/iesguindavols\/wp-json\/wp\/v2\/tags?post=57132"}],"curies":[{"name":"wp","href":"https:\/\/api.w.org\/{rel}","templated":true}]}}