{"id":57053,"date":"2019-02-14T11:22:34","date_gmt":"2019-02-14T11:22:34","guid":{"rendered":"https:\/\/portal.institutguindavols.cat\/?p=57053"},"modified":"2019-02-14T11:22:34","modified_gmt":"2019-02-14T11:22:34","slug":"be-my-valentine","status":"publish","type":"post","link":"https:\/\/agora.xtec.cat\/iesguindavols\/general\/be-my-valentine\/","title":{"rendered":"&#8221; BE MY VALENTINE &#8220;"},"content":{"rendered":"<p>Avui&nbsp; 14 de febrer , l \u2019alumnat&nbsp; de 1 r de Batxillerat A I i de 2n&nbsp; d&#8217;ampliaci\u00f3&nbsp; ha celebrat el dia de Sant Valent\u00ed&nbsp; ,<strong>St. Valentine\u2019s day,<\/strong> &nbsp;a la classe de llengua anglesa . El dia de Sant Valent\u00ed , \u00e9s una celebraci\u00f3 tradicional en pa\u00efsos de cultura anglosaxona, com el Regne Unit o Estats Units; tot i aix\u00f2, aquesta tradici\u00f3 ha estat exportada a la resta del m\u00f3n. Durant aquest dia els enamorats, &nbsp;nuvis , esposos , companys o amics, expressen el seu amor o afecte m\u00fatuament. En l&#8217;actualitat, es celebra mitjan\u00e7ant l&#8217;intercanvi de notes d&#8217;amor o amistat conegudes com a &#8220;valentines&#8221;, amb s\u00edmbols com la forma del cor&nbsp; o Cupid.<\/p>\n<p>L\u2019origen de la tradici\u00f3 prov\u00e9 del segle III, on un sacerdot anomenat&nbsp; Valent\u00ed de Roma, casava als joves enamorats de manera&nbsp; secreta. Els casaments en aquella \u00e9poca estaven prohibits degut a que Claudi II va prohibir la celebraci\u00f3 d\u2019aquests, a causa de la creen\u00e7a de que els millors soldats eren els solters. Quan es va descobrir la tra\u00efci\u00f3 de Valent\u00ed, fou condemnat a mort i es convert\u00ed en un m\u00e0rtir. Abans de ser executat, aquella nit del 14 de febrer, la seva &nbsp;dona va rebre l\u2019\u00faltima nota del sacerdot, amb la firma \u201cYour &nbsp;Valentine\u201d.<\/p>\n<p><em>Will you be my Valentine?<\/em><\/p>\n<p>&nbsp;<\/p>\n","protected":false},"excerpt":{"rendered":"<p>Avui&nbsp; 14 de febrer , l \u2019alumnat&nbsp; de 1 r de Batxillerat A I i de 2n&nbsp; d&#8217;ampliaci\u00f3&nbsp; ha celebrat el dia de Sant Valent\u00ed&nbsp; ,St. Valentine\u2019s day, &nbsp;a la classe de llengua anglesa . El dia de Sant Valent\u00ed , \u00e9s una celebraci\u00f3 tradicional&hellip;  <a href=\"https:\/\/agora.xtec.cat\/iesguindavols\/general\/be-my-valentine\/\" title=\"Read &#8221; BE MY VALENTINE &#8220;\">Llegeix m\u00e9s\u00bb<\/a><\/p>\n","protected":false},"author":1,"featured_media":57066,"comment_status":"closed","ping_status":"closed","sticky":false,"template":"","format":"standard","meta":{"_bbp_topic_count":0,"_bbp_reply_count":0,"_bbp_total_topic_count":0,"_bbp_total_reply_count":0,"_bbp_voice_count":0,"_bbp_anonymous_reply_count":0,"_bbp_topic_count_hidden":0,"_bbp_reply_count_hidden":0,"_bbp_forum_subforum_count":0,"footnotes":""},"categories":[1],"tags":[],"class_list":["post-57053","post","type-post","status-publish","format-standard","has-post-thumbnail","hentry","category-general"],"post_mailing_queue_ids":[],"_links":{"self":[{"href":"https:\/\/agora.xtec.cat\/iesguindavols\/wp-json\/wp\/v2\/posts\/57053","targetHints":{"allow":["GET"]}}],"collection":[{"href":"https:\/\/agora.xtec.cat\/iesguindavols\/wp-json\/wp\/v2\/posts"}],"about":[{"href":"https:\/\/agora.xtec.cat\/iesguindavols\/wp-json\/wp\/v2\/types\/post"}],"author":[{"embeddable":true,"href":"https:\/\/agora.xtec.cat\/iesguindavols\/wp-json\/wp\/v2\/users\/1"}],"replies":[{"embeddable":true,"href":"https:\/\/agora.xtec.cat\/iesguindavols\/wp-json\/wp\/v2\/comments?post=57053"}],"version-history":[{"count":0,"href":"https:\/\/agora.xtec.cat\/iesguindavols\/wp-json\/wp\/v2\/posts\/57053\/revisions"}],"wp:featuredmedia":[{"embeddable":true,"href":"https:\/\/agora.xtec.cat\/iesguindavols\/wp-json\/"}],"wp:attachment":[{"href":"https:\/\/agora.xtec.cat\/iesguindavols\/wp-json\/wp\/v2\/media?parent=57053"}],"wp:term":[{"taxonomy":"category","embeddable":true,"href":"https:\/\/agora.xtec.cat\/iesguindavols\/wp-json\/wp\/v2\/categories?post=57053"},{"taxonomy":"post_tag","embeddable":true,"href":"https:\/\/agora.xtec.cat\/iesguindavols\/wp-json\/wp\/v2\/tags?post=57053"}],"curies":[{"name":"wp","href":"https:\/\/api.w.org\/{rel}","templated":true}]}}