{"id":56844,"date":"2019-01-28T17:50:10","date_gmt":"2019-01-28T17:50:10","guid":{"rendered":"https:\/\/portal.institutguindavols.cat\/?p=56844"},"modified":"2019-01-28T17:50:10","modified_gmt":"2019-01-28T17:50:10","slug":"la-scf-torna-a-reconeixer-a-l-institut-guindavols","status":"publish","type":"post","link":"https:\/\/agora.xtec.cat\/iesguindavols\/general\/la-scf-torna-a-reconeixer-a-l-institut-guindavols\/","title":{"rendered":"LA SCF TORNA A RECON\u00c8IXER A L\u2019 INSTITUT GUIND\u00c0VOLS"},"content":{"rendered":"<p>El jurat del \u201cV Concurs d\u2019 imatges de F\u00edsica convocat per la Societat Catalana de F\u00edsica ha concedit el segon premi a l\u2019 alumne <strong>Sergi Castro Castillo d 1r de batxillerat<\/strong> amb una dotaci\u00f3 de 400 \u20ac ( 200 per a l\u2019 alumne i 200 pel centre). El t\u00edtol de la imatge \u00e9s \u201c dualitat-ona part\u00edcula\u201d.<\/p>\n<p>Aquesta imatge formar\u00e0 part del calendari de la SCF pel 2019.<\/p>\n<p>Per completar el calendari tamb\u00e9 s\u2019 ha escollit la fotografia \u201c Holografia d\u2019un floquet de neu\u201d realitzada per la &nbsp;<strong>Sara Ser\u00e9s Bejar <\/strong>i el <strong>Daniel Estrada Ram\u00edrez<\/strong>.<\/p>\n<p>El criteri del jurat \u00e9s conjugar els valors est\u00e8tics i art\u00edstics amb experiments f\u00edsics.<\/p>\n<p>Segon el Sergi:<\/p>\n<p>\u201cEn aquesta imatge, podem observar dos fen\u00f2mens f\u00edsics relacionats amb la propagaci\u00f3 de la llum i la seva naturalesa. D&#8217;una banda, al marge esquerra, la llum es comporta com un feix de part\u00edcules tot reflectint-se amb un seguit de miralls plans. D&#8217;altra banda, al marge dret, la llum es difracta creant un patr\u00f3 d&#8217;interfer\u00e8ncia comportant-se de la mateixa manera que una ona. Amb aquest muntatge experimental posem en manifest la dualitat ona-corpuscle de la naturalesa de la llum, que tan discutida ha estat al llarg de la hist\u00f2ria.&nbsp;\u201c<span style=\"font-family: arial black, sans-serif;\"><img loading=\"lazy\" decoding=\"async\" class=\"wp-image-56845 aligncenter\" src=\"https:\/\/portal.institutguindavols.cat\/wp-content\/uploads\/Dualitat-Ona-Particula-768x1024.jpg\" alt=\"\" width=\"246\" height=\"328\"><\/span><\/p>\n<p>La Sara i el Daniel afirmen:<\/p>\n<p>\u201cEl pl\u00e0stic serveix com a reflector de la llum, i aquest, en rebre una llum puntual des del centre de la pantalla, projecta una imatge en tres dimensions. Les imatges poden apar\u00e8ixer sortint-se dels seus l\u00edmits, cap a fora o cap a dins del marc\u201d.<\/p>\n<p>&nbsp;<\/p>\n<p>Enhorabona a tothom<\/p>\n","protected":false},"excerpt":{"rendered":"<p>El jurat del \u201cV Concurs d\u2019 imatges de F\u00edsica convocat per la Societat Catalana de F\u00edsica ha concedit el segon premi a l\u2019 alumne Sergi Castro Castillo d 1r de batxillerat amb una dotaci\u00f3 de 400 \u20ac ( 200 per a l\u2019 alumne i 200&hellip;  <a href=\"https:\/\/agora.xtec.cat\/iesguindavols\/general\/la-scf-torna-a-reconeixer-a-l-institut-guindavols\/\" title=\"Read LA SCF TORNA A RECON\u00c8IXER A L\u2019 INSTITUT GUIND\u00c0VOLS\">Llegeix m\u00e9s\u00bb<\/a><\/p>\n","protected":false},"author":1,"featured_media":56846,"comment_status":"closed","ping_status":"closed","sticky":false,"template":"","format":"standard","meta":{"_bbp_topic_count":0,"_bbp_reply_count":0,"_bbp_total_topic_count":0,"_bbp_total_reply_count":0,"_bbp_voice_count":0,"_bbp_anonymous_reply_count":0,"_bbp_topic_count_hidden":0,"_bbp_reply_count_hidden":0,"_bbp_forum_subforum_count":0,"footnotes":""},"categories":[8,107,108,1],"tags":[162],"class_list":["post-56844","post","type-post","status-publish","format-standard","has-post-thumbnail","hentry","category-batxillerat","category-centre","category-ciencies-experimentals","category-general","tag-premis"],"post_mailing_queue_ids":[],"_links":{"self":[{"href":"https:\/\/agora.xtec.cat\/iesguindavols\/wp-json\/wp\/v2\/posts\/56844","targetHints":{"allow":["GET"]}}],"collection":[{"href":"https:\/\/agora.xtec.cat\/iesguindavols\/wp-json\/wp\/v2\/posts"}],"about":[{"href":"https:\/\/agora.xtec.cat\/iesguindavols\/wp-json\/wp\/v2\/types\/post"}],"author":[{"embeddable":true,"href":"https:\/\/agora.xtec.cat\/iesguindavols\/wp-json\/wp\/v2\/users\/1"}],"replies":[{"embeddable":true,"href":"https:\/\/agora.xtec.cat\/iesguindavols\/wp-json\/wp\/v2\/comments?post=56844"}],"version-history":[{"count":0,"href":"https:\/\/agora.xtec.cat\/iesguindavols\/wp-json\/wp\/v2\/posts\/56844\/revisions"}],"wp:featuredmedia":[{"embeddable":true,"href":"https:\/\/agora.xtec.cat\/iesguindavols\/wp-json\/"}],"wp:attachment":[{"href":"https:\/\/agora.xtec.cat\/iesguindavols\/wp-json\/wp\/v2\/media?parent=56844"}],"wp:term":[{"taxonomy":"category","embeddable":true,"href":"https:\/\/agora.xtec.cat\/iesguindavols\/wp-json\/wp\/v2\/categories?post=56844"},{"taxonomy":"post_tag","embeddable":true,"href":"https:\/\/agora.xtec.cat\/iesguindavols\/wp-json\/wp\/v2\/tags?post=56844"}],"curies":[{"name":"wp","href":"https:\/\/api.w.org\/{rel}","templated":true}]}}