{"id":56831,"date":"2019-01-21T20:53:14","date_gmt":"2019-01-21T20:53:14","guid":{"rendered":"https:\/\/portal.institutguindavols.cat\/?p=56831"},"modified":"2019-01-21T20:53:14","modified_gmt":"2019-01-21T20:53:14","slug":"classes-refrigeracio-industrial-realitat-real","status":"publish","type":"post","link":"https:\/\/agora.xtec.cat\/iesguindavols\/cicles-formatius\/classes-refrigeracio-industrial-realitat-real\/","title":{"rendered":"Classes de refrigeraci\u00f3 industrial en Realitat Real!"},"content":{"rendered":"<p>Per tal de formar-se des d\u2019un punt de vista pr\u00e0ctic en les instal\u00b7lacions de refrigeraci\u00f3 industrial, l\u2019alumnat del cicle formatiu de <strong>Manteniment d\u2019instal\u00b7lacions t\u00e8rmiques i de fluids<\/strong> ha complementat les classes te\u00f2ric-pr\u00e0ctiques de l\u2019Institut amb tres visites t\u00e8cniques a ind\u00fastries properes que en s\u00f3n usu\u00e0ries. L\u2019experi\u00e8ncia els ha perm\u00e8s aprofundir en les instal\u00b7lacions d\u2019amon\u00edac, tipus cascada amon\u00edac-CO\u2082 o en sistemes secundaris amb aigua glicolada. <strong>Classes en Realitat Real!<\/strong><br \/>\nAgra\u00efm a les empreses La Piemontesa, Av\u00edcola de Lleida i Frigor\u00edfics de Pinyana que ens hagin perm\u00e8s usar les seves instal\u00b7lacions com a llibre de text. Tamb\u00e9 al Tom\u00e0s d&#8217;Isofred i a l\u2019Aleix d\u2019Avidel per guiar-nos en aquestes instal\u00b7lacions i transmetre&#8217;ns el seu bon saber fer.<\/p>\n<p><img loading=\"lazy\" decoding=\"async\" class=\"alignnone size-large wp-image-56834\" src=\"https:\/\/portal.institutguindavols.cat\/wp-content\/uploads\/IMG-0981-1024x768.jpg\" alt=\"\" width=\"900\" height=\"675\"><\/p>\n<p><img loading=\"lazy\" decoding=\"async\" class=\"alignnone size-large wp-image-56832\" src=\"https:\/\/portal.institutguindavols.cat\/wp-content\/uploads\/645fe52f-25fc-4969-a2a0-fd09938b1539-1024x576.jpg\" alt=\"\" width=\"900\" height=\"506\"><\/p>\n","protected":false},"excerpt":{"rendered":"<p>Per tal de formar-se des d\u2019un punt de vista pr\u00e0ctic en les instal\u00b7lacions de refrigeraci\u00f3 industrial, l\u2019alumnat del cicle formatiu de Manteniment d\u2019instal\u00b7lacions t\u00e8rmiques i de fluids ha complementat les classes te\u00f2ric-pr\u00e0ctiques de l\u2019Institut amb tres visites t\u00e8cniques a ind\u00fastries properes que en s\u00f3n usu\u00e0ries.&hellip;  <a href=\"https:\/\/agora.xtec.cat\/iesguindavols\/cicles-formatius\/classes-refrigeracio-industrial-realitat-real\/\" title=\"Read Classes de refrigeraci\u00f3 industrial en Realitat Real!\">Llegeix m\u00e9s\u00bb<\/a><\/p>\n","protected":false},"author":5,"featured_media":56833,"comment_status":"closed","ping_status":"closed","sticky":false,"template":"","format":"standard","meta":{"_bbp_topic_count":0,"_bbp_reply_count":0,"_bbp_total_topic_count":0,"_bbp_total_reply_count":0,"_bbp_voice_count":0,"_bbp_anonymous_reply_count":0,"_bbp_topic_count_hidden":0,"_bbp_reply_count_hidden":0,"_bbp_forum_subforum_count":0,"footnotes":""},"categories":[123,30,127],"tags":[],"class_list":["post-56831","post","type-post","status-publish","format-standard","has-post-thumbnail","hentry","category-cf-grau-superior","category-cicles-formatius","category-tecnic-superior-en-manteniment-dinstallacions-termiques-i-de-fluids"],"post_mailing_queue_ids":[],"_links":{"self":[{"href":"https:\/\/agora.xtec.cat\/iesguindavols\/wp-json\/wp\/v2\/posts\/56831","targetHints":{"allow":["GET"]}}],"collection":[{"href":"https:\/\/agora.xtec.cat\/iesguindavols\/wp-json\/wp\/v2\/posts"}],"about":[{"href":"https:\/\/agora.xtec.cat\/iesguindavols\/wp-json\/wp\/v2\/types\/post"}],"author":[{"embeddable":true,"href":"https:\/\/agora.xtec.cat\/iesguindavols\/wp-json\/wp\/v2\/users\/5"}],"replies":[{"embeddable":true,"href":"https:\/\/agora.xtec.cat\/iesguindavols\/wp-json\/wp\/v2\/comments?post=56831"}],"version-history":[{"count":0,"href":"https:\/\/agora.xtec.cat\/iesguindavols\/wp-json\/wp\/v2\/posts\/56831\/revisions"}],"wp:featuredmedia":[{"embeddable":true,"href":"https:\/\/agora.xtec.cat\/iesguindavols\/wp-json\/"}],"wp:attachment":[{"href":"https:\/\/agora.xtec.cat\/iesguindavols\/wp-json\/wp\/v2\/media?parent=56831"}],"wp:term":[{"taxonomy":"category","embeddable":true,"href":"https:\/\/agora.xtec.cat\/iesguindavols\/wp-json\/wp\/v2\/categories?post=56831"},{"taxonomy":"post_tag","embeddable":true,"href":"https:\/\/agora.xtec.cat\/iesguindavols\/wp-json\/wp\/v2\/tags?post=56831"}],"curies":[{"name":"wp","href":"https:\/\/api.w.org\/{rel}","templated":true}]}}