{"id":56736,"date":"2019-01-14T18:00:55","date_gmt":"2019-01-14T18:00:55","guid":{"rendered":"https:\/\/portal.institutguindavols.cat\/?p=56736"},"modified":"2019-01-14T18:00:55","modified_gmt":"2019-01-14T18:00:55","slug":"erasmus-spidas","status":"publish","type":"post","link":"https:\/\/agora.xtec.cat\/iesguindavols\/general\/erasmus-spidas\/","title":{"rendered":"ERASMUS+ SPIDAS &#8220;STUDY of the ATMOSPHERE by USING the DATA OBTAINED  with a WEATHER BALLOON&#8221;"},"content":{"rendered":"<p>Avui&nbsp;&nbsp;<strong>l&#8217;Institut Guind\u00e0vols, <\/strong>amb la participaci\u00f3 de diferents departaments i professorat que inclou <strong>Rosa Borrell , Anicet Cosialls, Merc\u00e8 del Barrio, Teresa Quintill\u00e0, Neus Bravo i Laura Moliner&nbsp; ha presentat&nbsp; el projecte titulat \u201dStudy of the Atmosphere by using the data obtained by a Weather Balloon<\/strong> que s&#8217;ha dut a terme amb <strong>alumnat de 1r de Batxillerat,&nbsp;<\/strong> dins la 3a reuni\u00f3 del Projecte Erasmus+ Spidas a&nbsp; la Facultat d&#8217;Educaci\u00f3, Psicolog\u00eda i Treball Social&nbsp; de&nbsp; l&#8217;UdL , Lleida&nbsp; on una trentena de persones, representants de tots els socis del projecte, es reuneixen avui i dem\u00e0 &nbsp;per avan\u00e7ar en l&#8217;elaboraci\u00f3 d&#8217;un conjunt de recursos pedag\u00f2gics a partir de la posada en com\u00fa de les activitats pr\u00e0ctiques que s&#8217;estan duent a terme a cada escola &nbsp;i institut participant.<\/p>\n<p>Un total de 1.400 alumnat&nbsp; d&#8217;entre 6 i 16&nbsp; anys i m\u00e9s de 40 professorat &nbsp;de tres centres educatius de Lleida , Institut Guind\u00e0vols,&nbsp; &nbsp; &nbsp; &nbsp; Col\u00b7legi Claver i&nbsp; Maristes Montserrat, dos centres&nbsp; de Pamukkale , Turquia i quatre d&#8217;Exeter, Regne Unit, participen en el projecte europeu <strong>Erasmus + SPIDAS,<\/strong> destinat <strong>a estendre bones pr\u00e0ctiques en estrat\u00e8gies d&#8217;aprenentatge relacionades amb l&#8217;an\u00e0lisi de dades, des d&#8217;una vesant cr\u00edtica i cient\u00edfica.<\/strong><\/p>\n<p>Liderat per la Universitat d&#8217;Exeter, en el projecte tamb\u00e9 hi participa la Universitat de Lleida UdL i, la Universitat de Pamukkale, aix\u00ed com el el servei nacional de meteorologia del Regne Unit, MetOffice. Guiats pel professorat d&#8217;escoles i instituts l&#8217;alumnat du a terme un projecte d&#8217;aprenentatge que implica la recollida de dades, el seu estudi amb la tecnologia m\u00e9s adient i la presentaci\u00f3 de les conclusions per videoconfer\u00e8ncia amb les altres escoles i instituts &nbsp;que participen al projecte.<\/p>\n<p>Una trentena de persones, representants de tots els socis del projecte, es reuneixen avui i dem\u00e0&nbsp;<strong>&nbsp;<\/strong>per avan\u00e7ar en l&#8217;elaboraci\u00f3 d&#8217;un conjunt de recursos pedag\u00f2gics a partir de la posada en com\u00fa de les activitats pr\u00e0ctiques que s&#8217;estan duent a terme a cada escola &nbsp;i institut participant.<\/p>\n<p>Aquest conjunt de recursos educatius es posaran a disposici\u00f3 de la comunitat educativa en un entorn web al 2020, un cop finalitzat el projecte que va comen\u00e7ar al 2017. El web inclour\u00e0 les compet\u00e8ncies dels diferents nivells educatius, les activitats dissenyades pel professorat dels diferents pa\u00efsos, recursos educatius basats en dades p\u00fabliques, i la presentaci\u00f3 de les millores en l&#8217;aprenentatge de l&#8217;alumnat.<\/p>\n<p>Un dels<strong> objectius <\/strong>del projecte <strong>\u00e9s incrementar l\u2019atractiu de l\u2019aprenentatge de les matem\u00e0tiques,<\/strong> <strong>de la cerca de dades estad\u00edstiques<\/strong> sobre temes d\u2019inter\u00e8s general i social, tot <strong>fomentant la creativitat<\/strong> de l&#8217;alumnat, aix\u00ed com l&#8217;aprenentatge en l\u2019\u00fas d\u2019eines inform\u00e0tiques d\u2019interpretaci\u00f3 de les dades com ara taules i gr\u00e0fics i la <strong>millora de la llengua anglesa.<\/strong><\/p>\n<p>Tamb\u00e9 es pret\u00e9n que la utilitzaci\u00f3 d&#8217;aquests recursos educatius tingui un impacte social a tota Europa, &#8220;El fet que el projecte s&#8217;implementi en tres pa\u00efsos europeus tan diferents socioculturalment com demogr\u00e0ficament contribuir\u00e0 sens dubte a aquest impacte&#8221;. &#8220;En un moment on el Big Data i les fake news estan a l&#8217;ordre del dia, ens calen ciutadans competents en cercar, contrastar i interpretar de forma cr\u00edtica informaci\u00f3 num\u00e8rica sobre un tema quotidi\u00e0&#8221;.<\/p>\n<p>[ngg src=&#8221;galleries&#8221; ids=&#8221;413&#8243; display=&#8221;basic_slideshow&#8221;]<\/p>\n","protected":false},"excerpt":{"rendered":"<p>Avui&nbsp;&nbsp;l&#8217;Institut Guind\u00e0vols, amb la participaci\u00f3 de diferents departaments i professorat que inclou Rosa Borrell , Anicet Cosialls, Merc\u00e8 del Barrio, Teresa Quintill\u00e0, Neus Bravo i Laura Moliner&nbsp; ha presentat&nbsp; el projecte titulat \u201dStudy of the Atmosphere by using the data obtained by a Weather Balloon&hellip;  <a href=\"https:\/\/agora.xtec.cat\/iesguindavols\/general\/erasmus-spidas\/\" title=\"Read ERASMUS+ SPIDAS &#8220;STUDY of the ATMOSPHERE by USING the DATA OBTAINED  with a WEATHER BALLOON&#8221;\">Llegeix m\u00e9s\u00bb<\/a><\/p>\n","protected":false},"author":1,"featured_media":56740,"comment_status":"closed","ping_status":"closed","sticky":false,"template":"","format":"standard","meta":{"_bbp_topic_count":0,"_bbp_reply_count":0,"_bbp_total_topic_count":0,"_bbp_total_reply_count":0,"_bbp_voice_count":0,"_bbp_anonymous_reply_count":0,"_bbp_topic_count_hidden":0,"_bbp_reply_count_hidden":0,"_bbp_forum_subforum_count":0,"footnotes":""},"categories":[1],"tags":[],"class_list":["post-56736","post","type-post","status-publish","format-standard","has-post-thumbnail","hentry","category-general"],"post_mailing_queue_ids":[],"_links":{"self":[{"href":"https:\/\/agora.xtec.cat\/iesguindavols\/wp-json\/wp\/v2\/posts\/56736","targetHints":{"allow":["GET"]}}],"collection":[{"href":"https:\/\/agora.xtec.cat\/iesguindavols\/wp-json\/wp\/v2\/posts"}],"about":[{"href":"https:\/\/agora.xtec.cat\/iesguindavols\/wp-json\/wp\/v2\/types\/post"}],"author":[{"embeddable":true,"href":"https:\/\/agora.xtec.cat\/iesguindavols\/wp-json\/wp\/v2\/users\/1"}],"replies":[{"embeddable":true,"href":"https:\/\/agora.xtec.cat\/iesguindavols\/wp-json\/wp\/v2\/comments?post=56736"}],"version-history":[{"count":0,"href":"https:\/\/agora.xtec.cat\/iesguindavols\/wp-json\/wp\/v2\/posts\/56736\/revisions"}],"wp:featuredmedia":[{"embeddable":true,"href":"https:\/\/agora.xtec.cat\/iesguindavols\/wp-json\/"}],"wp:attachment":[{"href":"https:\/\/agora.xtec.cat\/iesguindavols\/wp-json\/wp\/v2\/media?parent=56736"}],"wp:term":[{"taxonomy":"category","embeddable":true,"href":"https:\/\/agora.xtec.cat\/iesguindavols\/wp-json\/wp\/v2\/categories?post=56736"},{"taxonomy":"post_tag","embeddable":true,"href":"https:\/\/agora.xtec.cat\/iesguindavols\/wp-json\/wp\/v2\/tags?post=56736"}],"curies":[{"name":"wp","href":"https:\/\/api.w.org\/{rel}","templated":true}]}}