{"id":56443,"date":"2018-12-22T12:53:41","date_gmt":"2018-12-22T12:53:41","guid":{"rendered":"https:\/\/portal.institutguindavols.cat\/?p=56443"},"modified":"2018-12-22T12:53:41","modified_gmt":"2018-12-22T12:53:41","slug":"ens-feliciten-les-festes-de-nadal","status":"publish","type":"post","link":"https:\/\/agora.xtec.cat\/iesguindavols\/general\/ens-feliciten-les-festes-de-nadal\/","title":{"rendered":"Ens feliciten les festes de Nadal"},"content":{"rendered":"<p>Aquestes dies abans de les Festes de Nadal, moltes amigues i amics i altres comunitats educatives ens han felicitat, tot desitjant que passem un Bon Nadal i un Feli\u00e7 2019. Gr\u00e0cies a tothom que ha tingut un pensament per a la fam\u00edlia del Guind\u00e0vols. Aqu\u00ed teniu algunes de les felicitacions que han arribat, ens donen vida. Moltes gr\u00e0cies.<\/p>\n<p><img loading=\"lazy\" decoding=\"async\" class=\"alignnone size-large wp-image-56444\" src=\"https:\/\/portal.institutguindavols.cat\/wp-content\/uploads\/977c03b2-cbf9-4382-a1ed-2b4f4092e401-1024x768.jpg\" alt=\"\" width=\"900\" height=\"675\"><\/p>\n","protected":false},"excerpt":{"rendered":"<p>Aquestes dies abans de les Festes de Nadal, moltes amigues i amics i altres comunitats educatives ens han felicitat, tot desitjant que passem un Bon Nadal i un Feli\u00e7 2019. Gr\u00e0cies a tothom que ha tingut un pensament per a la fam\u00edlia del Guind\u00e0vols. Aqu\u00ed&hellip;  <a href=\"https:\/\/agora.xtec.cat\/iesguindavols\/general\/ens-feliciten-les-festes-de-nadal\/\" title=\"Read Ens feliciten les festes de Nadal\">Llegeix m\u00e9s\u00bb<\/a><\/p>\n","protected":false},"author":1,"featured_media":56444,"comment_status":"closed","ping_status":"closed","sticky":false,"template":"","format":"standard","meta":{"_bbp_topic_count":0,"_bbp_reply_count":0,"_bbp_total_topic_count":0,"_bbp_total_reply_count":0,"_bbp_voice_count":0,"_bbp_anonymous_reply_count":0,"_bbp_topic_count_hidden":0,"_bbp_reply_count_hidden":0,"_bbp_forum_subforum_count":0,"footnotes":""},"categories":[1],"tags":[],"class_list":["post-56443","post","type-post","status-publish","format-standard","has-post-thumbnail","hentry","category-general"],"post_mailing_queue_ids":[],"_links":{"self":[{"href":"https:\/\/agora.xtec.cat\/iesguindavols\/wp-json\/wp\/v2\/posts\/56443","targetHints":{"allow":["GET"]}}],"collection":[{"href":"https:\/\/agora.xtec.cat\/iesguindavols\/wp-json\/wp\/v2\/posts"}],"about":[{"href":"https:\/\/agora.xtec.cat\/iesguindavols\/wp-json\/wp\/v2\/types\/post"}],"author":[{"embeddable":true,"href":"https:\/\/agora.xtec.cat\/iesguindavols\/wp-json\/wp\/v2\/users\/1"}],"replies":[{"embeddable":true,"href":"https:\/\/agora.xtec.cat\/iesguindavols\/wp-json\/wp\/v2\/comments?post=56443"}],"version-history":[{"count":0,"href":"https:\/\/agora.xtec.cat\/iesguindavols\/wp-json\/wp\/v2\/posts\/56443\/revisions"}],"wp:featuredmedia":[{"embeddable":true,"href":"https:\/\/agora.xtec.cat\/iesguindavols\/wp-json\/"}],"wp:attachment":[{"href":"https:\/\/agora.xtec.cat\/iesguindavols\/wp-json\/wp\/v2\/media?parent=56443"}],"wp:term":[{"taxonomy":"category","embeddable":true,"href":"https:\/\/agora.xtec.cat\/iesguindavols\/wp-json\/wp\/v2\/categories?post=56443"},{"taxonomy":"post_tag","embeddable":true,"href":"https:\/\/agora.xtec.cat\/iesguindavols\/wp-json\/wp\/v2\/tags?post=56443"}],"curies":[{"name":"wp","href":"https:\/\/api.w.org\/{rel}","templated":true}]}}