{"id":56430,"date":"2018-12-21T09:41:38","date_gmt":"2018-12-21T09:41:38","guid":{"rendered":"https:\/\/portal.institutguindavols.cat\/?p=56430"},"modified":"2018-12-21T09:41:38","modified_gmt":"2018-12-21T09:41:38","slug":"acte-de-signatura-del-compromis-de-lagenda-21-escolar","status":"publish","type":"post","link":"https:\/\/agora.xtec.cat\/iesguindavols\/general\/acte-de-signatura-del-compromis-de-lagenda-21-escolar\/","title":{"rendered":"Acte de Signatura del Comprom\u00eds de l\u2019Agenda 21 Escolar"},"content":{"rendered":"<p>Els delegats i sots-delegats mediambientals de 1r d\u2019ESO, els alumnes de la mat\u00e8ria optativa d\u2019Educaci\u00f3 mediambiental de 3r d\u2019ESO, el director del centre i les coordinadores de Medi Ambient (L\u00eddia Bov\u00e9 i Alicia Guijarro) es van reunir ahir al mat\u00ed, 20 de Desembre, per firmar l\u2019acte de Comprom\u00eds de l\u2019Agenda 21 Escolar de Lleida per al curs 2018-2019. Aquest acte de signatura vol expressar el comprom\u00eds del centre en desenvolupar el seu projecte mediambiental amb el suport de l\u2019Ajuntament de Lleida articulat pel programa de l\u2019Agenda 21 Escolar.<\/p>\n<p>[ngg src=&#8221;galleries&#8221; ids=&#8221;410&#8243; display=&#8221;basic_imagebrowser&#8221;]<\/p>\n<p>&nbsp;<\/p>\n","protected":false},"excerpt":{"rendered":"<p>Els delegats i sots-delegats mediambientals de 1r d\u2019ESO, els alumnes de la mat\u00e8ria optativa d\u2019Educaci\u00f3 mediambiental de 3r d\u2019ESO, el director del centre i les coordinadores de Medi Ambient (L\u00eddia Bov\u00e9 i Alicia Guijarro) es van reunir ahir al mat\u00ed, 20 de Desembre, per firmar&hellip;  <a href=\"https:\/\/agora.xtec.cat\/iesguindavols\/general\/acte-de-signatura-del-compromis-de-lagenda-21-escolar\/\" title=\"Read Acte de Signatura del Comprom\u00eds de l\u2019Agenda 21 Escolar\">Llegeix m\u00e9s\u00bb<\/a><\/p>\n","protected":false},"author":1,"featured_media":56441,"comment_status":"closed","ping_status":"closed","sticky":false,"template":"","format":"standard","meta":{"_bbp_topic_count":0,"_bbp_reply_count":0,"_bbp_total_topic_count":0,"_bbp_total_reply_count":0,"_bbp_voice_count":0,"_bbp_anonymous_reply_count":0,"_bbp_topic_count_hidden":0,"_bbp_reply_count_hidden":0,"_bbp_forum_subforum_count":0,"footnotes":""},"categories":[1],"tags":[],"class_list":["post-56430","post","type-post","status-publish","format-standard","has-post-thumbnail","hentry","category-general"],"post_mailing_queue_ids":[],"_links":{"self":[{"href":"https:\/\/agora.xtec.cat\/iesguindavols\/wp-json\/wp\/v2\/posts\/56430","targetHints":{"allow":["GET"]}}],"collection":[{"href":"https:\/\/agora.xtec.cat\/iesguindavols\/wp-json\/wp\/v2\/posts"}],"about":[{"href":"https:\/\/agora.xtec.cat\/iesguindavols\/wp-json\/wp\/v2\/types\/post"}],"author":[{"embeddable":true,"href":"https:\/\/agora.xtec.cat\/iesguindavols\/wp-json\/wp\/v2\/users\/1"}],"replies":[{"embeddable":true,"href":"https:\/\/agora.xtec.cat\/iesguindavols\/wp-json\/wp\/v2\/comments?post=56430"}],"version-history":[{"count":0,"href":"https:\/\/agora.xtec.cat\/iesguindavols\/wp-json\/wp\/v2\/posts\/56430\/revisions"}],"wp:featuredmedia":[{"embeddable":true,"href":"https:\/\/agora.xtec.cat\/iesguindavols\/wp-json\/"}],"wp:attachment":[{"href":"https:\/\/agora.xtec.cat\/iesguindavols\/wp-json\/wp\/v2\/media?parent=56430"}],"wp:term":[{"taxonomy":"category","embeddable":true,"href":"https:\/\/agora.xtec.cat\/iesguindavols\/wp-json\/wp\/v2\/categories?post=56430"},{"taxonomy":"post_tag","embeddable":true,"href":"https:\/\/agora.xtec.cat\/iesguindavols\/wp-json\/wp\/v2\/tags?post=56430"}],"curies":[{"name":"wp","href":"https:\/\/api.w.org\/{rel}","templated":true}]}}