{"id":56356,"date":"2018-12-14T20:20:05","date_gmt":"2018-12-14T20:20:05","guid":{"rendered":"https:\/\/portal.institutguindavols.cat\/?p=56356"},"modified":"2018-12-14T20:20:05","modified_gmt":"2018-12-14T20:20:05","slug":"4295e-laportacio-de-guindavols-a-la-marato","status":"publish","type":"post","link":"https:\/\/agora.xtec.cat\/iesguindavols\/general\/4295e-laportacio-de-guindavols-a-la-marato\/","title":{"rendered":"479,5\u20ac! L&#8217;aportaci\u00f3 de Guind\u00e0vols a la Marat\u00f3"},"content":{"rendered":"<p>Ja sabem quins han estat els cartells guanyadors per anunciar l&#8217;edici\u00f3 2018 del Xocol\u00b7labora amb la Marat\u00f3 de TV3:<\/p>\n<ul>\n<li>1r premi atorgat a Ismael Tallis i Emily Costas (2n A).<\/li>\n<li>2n premi per a Paula Garc\u00eda (2n B)<\/li>\n<li>3r premi per a Gemma Cugot i Paula G\u00f3mez (2n B)<\/li>\n<\/ul>\n<p>Amb aquesta activitat hem recollit 429,5\u20ac que es sumaran als que dem\u00e0 dia 16 de desembre recollir\u00e0 tota Catalunya.<\/p>\n<p>Gr\u00e0cies a tot l&#8217;alumnat i professorat que ha col\u00b7laborat en aquesta edici\u00f3.<\/p>\n<p>[ngg src=&#8221;galleries&#8221; ids=&#8221;408&#8243; display=&#8221;basic_thumbnail&#8221;]Totes les fotos a: https:\/\/photos.app.goo.gl\/bNxLit5ibQDXY8Yd7<\/p>\n","protected":false},"excerpt":{"rendered":"<p>Ja sabem quins han estat els cartells guanyadors per anunciar l&#8217;edici\u00f3 2018 del Xocol\u00b7labora amb la Marat\u00f3 de TV3:<\/p>\n<ul>\n<li>1r premi atorgat a Ismael Tallis i Emily Costas (2n A).<\/li>\n<li>2n premi per a Paula Garc\u00eda (2n B)<\/li>\n<li>3r premi per a Gemma Cugot i Paula G\u00f3mez (2n&hellip;  <a href=\"https:\/\/agora.xtec.cat\/iesguindavols\/general\/4295e-laportacio-de-guindavols-a-la-marato\/\" title=\"Read 479,5\u20ac! L&#8217;aportaci\u00f3 de Guind\u00e0vols a la Marat\u00f3\">Llegeix m\u00e9s\u00bb<\/a><br \/>\n","protected":false},"author":1,"featured_media":56359,"comment_status":"closed","ping_status":"closed","sticky":false,"template":"","format":"standard","meta":{"_bbp_topic_count":0,"_bbp_reply_count":0,"_bbp_total_topic_count":0,"_bbp_total_reply_count":0,"_bbp_voice_count":0,"_bbp_anonymous_reply_count":0,"_bbp_topic_count_hidden":0,"_bbp_reply_count_hidden":0,"_bbp_forum_subforum_count":0,"footnotes":""},"categories":[8,107,186,110,1,143],"tags":[],"class_list":["post-56356","post","type-post","status-publish","format-standard","has-post-thumbnail","hentry","category-batxillerat","category-centre","category-educacio-per-a-la-salut","category-eso-al-guindavols","category-general","category-noticies"],"post_mailing_queue_ids":[],"_links":{"self":[{"href":"https:\/\/agora.xtec.cat\/iesguindavols\/wp-json\/wp\/v2\/posts\/56356","targetHints":{"allow":["GET"]}}],"collection":[{"href":"https:\/\/agora.xtec.cat\/iesguindavols\/wp-json\/wp\/v2\/posts"}],"about":[{"href":"https:\/\/agora.xtec.cat\/iesguindavols\/wp-json\/wp\/v2\/types\/post"}],"author":[{"embeddable":true,"href":"https:\/\/agora.xtec.cat\/iesguindavols\/wp-json\/wp\/v2\/users\/1"}],"replies":[{"embeddable":true,"href":"https:\/\/agora.xtec.cat\/iesguindavols\/wp-json\/wp\/v2\/comments?post=56356"}],"version-history":[{"count":0,"href":"https:\/\/agora.xtec.cat\/iesguindavols\/wp-json\/wp\/v2\/posts\/56356\/revisions"}],"wp:featuredmedia":[{"embeddable":true,"href":"https:\/\/agora.xtec.cat\/iesguindavols\/wp-json\/"}],"wp:attachment":[{"href":"https:\/\/agora.xtec.cat\/iesguindavols\/wp-json\/wp\/v2\/media?parent=56356"}],"wp:term":[{"taxonomy":"category","embeddable":true,"href":"https:\/\/agora.xtec.cat\/iesguindavols\/wp-json\/wp\/v2\/categories?post=56356"},{"taxonomy":"post_tag","embeddable":true,"href":"https:\/\/agora.xtec.cat\/iesguindavols\/wp-json\/wp\/v2\/tags?post=56356"}],"curies":[{"name":"wp","href":"https:\/\/api.w.org\/{rel}","templated":true}]}}