{"id":56247,"date":"2018-12-02T00:43:34","date_gmt":"2018-12-02T00:43:34","guid":{"rendered":"https:\/\/portal.institutguindavols.cat\/?p=56247"},"modified":"2018-12-02T00:43:34","modified_gmt":"2018-12-02T00:43:34","slug":"de-nou-participem-en-la-marato-de-tv3","status":"publish","type":"post","link":"https:\/\/agora.xtec.cat\/iesguindavols\/general\/de-nou-participem-en-la-marato-de-tv3\/","title":{"rendered":"De nou participem en La Marat\u00f3 de TV3"},"content":{"rendered":"<p>Un any m\u00e9s comen\u00e7a la campanya de la Marat\u00f3 de TV3 en el nostre centre, amb una doble vessant: la informaci\u00f3 sobre el c\u00e0ncer, malaltia a la recerca de la qual es dedicar\u00e0 la recaptaci\u00f3 d&#8217;aquest any, i l&#8217;activitat de recollida solidaria, el Xocol.labora, que es dur\u00e0 a terme el proper dimecres 5 de desembre.<\/p>\n<p>Les confer\u00e8ncies van comen\u00e7ar dijous a c\u00e0rrec del doctor Jordi Jov\u00e9.<\/p>\n<p><img loading=\"lazy\" decoding=\"async\" src=\"https:\/\/portal.institutguindavols.cat\/wp-content\/uploads\/img_2857.jpg\" class=\"wp-image-56246 size-full\" height=\"2448\" width=\"3264\"><\/p>\n","protected":false},"excerpt":{"rendered":"<p>Un any m\u00e9s comen\u00e7a la campanya de la Marat\u00f3 de TV3 en el nostre centre, amb una doble vessant: la informaci\u00f3 sobre el c\u00e0ncer, malaltia a la recerca de la qual es dedicar\u00e0 la recaptaci\u00f3 d&#8217;aquest any, i l&#8217;activitat de recollida solidaria, el Xocol.labora, que&hellip;  <a href=\"https:\/\/agora.xtec.cat\/iesguindavols\/general\/de-nou-participem-en-la-marato-de-tv3\/\" title=\"Read De nou participem en La Marat\u00f3 de TV3\">Llegeix m\u00e9s\u00bb<\/a><\/p>\n","protected":false},"author":1,"featured_media":56250,"comment_status":"closed","ping_status":"closed","sticky":false,"template":"","format":"standard","meta":{"_bbp_topic_count":0,"_bbp_reply_count":0,"_bbp_total_topic_count":0,"_bbp_total_reply_count":0,"_bbp_voice_count":0,"_bbp_anonymous_reply_count":0,"_bbp_topic_count_hidden":0,"_bbp_reply_count_hidden":0,"_bbp_forum_subforum_count":0,"footnotes":""},"categories":[109,8,186,1,143],"tags":[],"class_list":["post-56247","post","type-post","status-publish","format-standard","has-post-thumbnail","hentry","category-activitats","category-batxillerat","category-educacio-per-a-la-salut","category-general","category-noticies"],"post_mailing_queue_ids":[],"_links":{"self":[{"href":"https:\/\/agora.xtec.cat\/iesguindavols\/wp-json\/wp\/v2\/posts\/56247","targetHints":{"allow":["GET"]}}],"collection":[{"href":"https:\/\/agora.xtec.cat\/iesguindavols\/wp-json\/wp\/v2\/posts"}],"about":[{"href":"https:\/\/agora.xtec.cat\/iesguindavols\/wp-json\/wp\/v2\/types\/post"}],"author":[{"embeddable":true,"href":"https:\/\/agora.xtec.cat\/iesguindavols\/wp-json\/wp\/v2\/users\/1"}],"replies":[{"embeddable":true,"href":"https:\/\/agora.xtec.cat\/iesguindavols\/wp-json\/wp\/v2\/comments?post=56247"}],"version-history":[{"count":0,"href":"https:\/\/agora.xtec.cat\/iesguindavols\/wp-json\/wp\/v2\/posts\/56247\/revisions"}],"wp:featuredmedia":[{"embeddable":true,"href":"https:\/\/agora.xtec.cat\/iesguindavols\/wp-json\/"}],"wp:attachment":[{"href":"https:\/\/agora.xtec.cat\/iesguindavols\/wp-json\/wp\/v2\/media?parent=56247"}],"wp:term":[{"taxonomy":"category","embeddable":true,"href":"https:\/\/agora.xtec.cat\/iesguindavols\/wp-json\/wp\/v2\/categories?post=56247"},{"taxonomy":"post_tag","embeddable":true,"href":"https:\/\/agora.xtec.cat\/iesguindavols\/wp-json\/wp\/v2\/tags?post=56247"}],"curies":[{"name":"wp","href":"https:\/\/api.w.org\/{rel}","templated":true}]}}