{"id":55987,"date":"2018-11-16T12:48:48","date_gmt":"2018-11-16T12:48:48","guid":{"rendered":"https:\/\/portal.institutguindavols.cat\/?p=55987"},"modified":"2018-11-16T12:48:48","modified_gmt":"2018-11-16T12:48:48","slug":"via-verda-amb-bicicleta-3r-eso","status":"publish","type":"post","link":"https:\/\/agora.xtec.cat\/iesguindavols\/general\/via-verda-amb-bicicleta-3r-eso\/","title":{"rendered":"Via verda amb bicicleta 3r ESO"},"content":{"rendered":"<p>[ngg src=&#8221;galleries&#8221; ids=&#8221;403&#8243; display=&#8221;basic_thumbnail&#8221;]<\/p>\n<p>El 14 de novembre l&#8217;alumnat 3r ESO va anar a la comarca de la Terra Alta a gaudir tot pedalant dels paratges de la Via verda, tot travessant t\u00fanels, ponts, dreceres, rierols, &#8230;. una experi\u00e8ncia fant\u00e0stica de 30 km. Aqu\u00ed&nbsp; teniu una mostra d&#8217;imatges<\/p>\n","protected":false},"excerpt":{"rendered":"<p>[ngg src=&#8221;galleries&#8221; ids=&#8221;403&#8243; display=&#8221;basic_thumbnail&#8221;]<br \/>\nEl 14 de novembre l&#8217;alumnat 3r ESO va anar a la comarca de la Terra Alta a gaudir tot pedalant dels paratges de la Via verda, tot travessant t\u00fanels, ponts, dreceres, rierols, &#8230;. una experi\u00e8ncia fant\u00e0stica de 30 km. Aqu\u00ed&nbsp; teniu una&hellip;  <a href=\"https:\/\/agora.xtec.cat\/iesguindavols\/general\/via-verda-amb-bicicleta-3r-eso\/\" title=\"Read Via verda amb bicicleta 3r ESO\">Llegeix m\u00e9s\u00bb<\/a><\/p>\n","protected":false},"author":8,"featured_media":55989,"comment_status":"closed","ping_status":"closed","sticky":false,"template":"","format":"standard","meta":{"_bbp_topic_count":0,"_bbp_reply_count":0,"_bbp_total_topic_count":0,"_bbp_total_reply_count":0,"_bbp_voice_count":0,"_bbp_anonymous_reply_count":0,"_bbp_topic_count_hidden":0,"_bbp_reply_count_hidden":0,"_bbp_forum_subforum_count":0,"footnotes":""},"categories":[110,1],"tags":[],"class_list":["post-55987","post","type-post","status-publish","format-standard","has-post-thumbnail","hentry","category-eso-al-guindavols","category-general"],"post_mailing_queue_ids":[],"_links":{"self":[{"href":"https:\/\/agora.xtec.cat\/iesguindavols\/wp-json\/wp\/v2\/posts\/55987","targetHints":{"allow":["GET"]}}],"collection":[{"href":"https:\/\/agora.xtec.cat\/iesguindavols\/wp-json\/wp\/v2\/posts"}],"about":[{"href":"https:\/\/agora.xtec.cat\/iesguindavols\/wp-json\/wp\/v2\/types\/post"}],"author":[{"embeddable":true,"href":"https:\/\/agora.xtec.cat\/iesguindavols\/wp-json\/wp\/v2\/users\/8"}],"replies":[{"embeddable":true,"href":"https:\/\/agora.xtec.cat\/iesguindavols\/wp-json\/wp\/v2\/comments?post=55987"}],"version-history":[{"count":0,"href":"https:\/\/agora.xtec.cat\/iesguindavols\/wp-json\/wp\/v2\/posts\/55987\/revisions"}],"wp:featuredmedia":[{"embeddable":true,"href":"https:\/\/agora.xtec.cat\/iesguindavols\/wp-json\/"}],"wp:attachment":[{"href":"https:\/\/agora.xtec.cat\/iesguindavols\/wp-json\/wp\/v2\/media?parent=55987"}],"wp:term":[{"taxonomy":"category","embeddable":true,"href":"https:\/\/agora.xtec.cat\/iesguindavols\/wp-json\/wp\/v2\/categories?post=55987"},{"taxonomy":"post_tag","embeddable":true,"href":"https:\/\/agora.xtec.cat\/iesguindavols\/wp-json\/wp\/v2\/tags?post=55987"}],"curies":[{"name":"wp","href":"https:\/\/api.w.org\/{rel}","templated":true}]}}