{"id":55934,"date":"2018-11-14T22:40:57","date_gmt":"2018-11-14T22:40:57","guid":{"rendered":"https:\/\/portal.institutguindavols.cat\/?p=55934"},"modified":"2018-11-14T22:40:57","modified_gmt":"2018-11-14T22:40:57","slug":"fisica-pop-per-a-l-alumnat-de-1r-deso","status":"publish","type":"post","link":"https:\/\/agora.xtec.cat\/iesguindavols\/general\/fisica-pop-per-a-l-alumnat-de-1r-deso\/","title":{"rendered":"F\u00cdSICA POP PER A L\u2019 ALUMNAT DE 1r d\u2019ESO"},"content":{"rendered":"<p>En el marc de la setmana de la ci\u00e8ncia, el professor Anicet Cosials va impartir&nbsp; aquest dimarts la xerrada \u2013 espectacle \u201c F\u00cdSICA POP\u201d a l\u2019 alumnat de 1r d\u2019 ESO.<br \/>\nEs van presentar un conjunt de demostracions de f\u00edsica i qu\u00edmica amb uns trets caracter\u00edstics comuns: sorprenents, espectaculars, senzilles, es poden compartir amb la fam\u00edlia, es poden utilitzar com a jocs de ci\u00e8ncia,<br \/>\npermeten fer discussions formals de ci\u00e8ncia i poden servir com a punt de partida per fer projectes de recerca.<br \/>\nL\u2019 objectiu de la xerrada era demostrar que aquestes activitats poden ajudar al professorat i a l\u2019 alumnat de ci\u00e8ncies en el seu proc\u00e9s d\u2019ensenyament \u2013 aprenentatge.<br \/>\nL\u2019 alumnat va participar activament i esperem que s\u2019 hagin pogut fomentar vocacions cient\u00edfiques.<img loading=\"lazy\" decoding=\"async\" class=\"alignnone size-large wp-image-55935\" src=\"https:\/\/portal.institutguindavols.cat\/wp-content\/uploads\/IMG-20181113-WA0002-1024x768.jpg\" alt=\"\" width=\"900\" height=\"675\"> <img loading=\"lazy\" decoding=\"async\" class=\"alignnone size-large wp-image-55937\" src=\"https:\/\/portal.institutguindavols.cat\/wp-content\/uploads\/IMG-20181113-WA0037-1024x768.jpg\" alt=\"\" width=\"900\" height=\"675\"><\/p>\n","protected":false},"excerpt":{"rendered":"<p>En el marc de la setmana de la ci\u00e8ncia, el professor Anicet Cosials va impartir&nbsp; aquest dimarts la xerrada \u2013 espectacle \u201c F\u00cdSICA POP\u201d a l\u2019 alumnat de 1r d\u2019 ESO.<br \/>\nEs van presentar un conjunt de demostracions de f\u00edsica i qu\u00edmica amb uns trets caracter\u00edstics&hellip;  <a href=\"https:\/\/agora.xtec.cat\/iesguindavols\/general\/fisica-pop-per-a-l-alumnat-de-1r-deso\/\" title=\"Read F\u00cdSICA POP PER A L\u2019 ALUMNAT DE 1r d\u2019ESO\">Llegeix m\u00e9s\u00bb<\/a><\/p>\n","protected":false},"author":1,"featured_media":55939,"comment_status":"closed","ping_status":"closed","sticky":false,"template":"","format":"standard","meta":{"_bbp_topic_count":0,"_bbp_reply_count":0,"_bbp_total_topic_count":0,"_bbp_total_reply_count":0,"_bbp_voice_count":0,"_bbp_anonymous_reply_count":0,"_bbp_topic_count_hidden":0,"_bbp_reply_count_hidden":0,"_bbp_forum_subforum_count":0,"footnotes":""},"categories":[107,108,110,1],"tags":[155,118,214,44],"class_list":["post-55934","post","type-post","status-publish","format-standard","has-post-thumbnail","hentry","category-centre","category-ciencies-experimentals","category-eso-al-guindavols","category-general","tag-eso","tag-fisica","tag-setmana-de-la-ciencia","tag-xerrades"],"post_mailing_queue_ids":[],"_links":{"self":[{"href":"https:\/\/agora.xtec.cat\/iesguindavols\/wp-json\/wp\/v2\/posts\/55934","targetHints":{"allow":["GET"]}}],"collection":[{"href":"https:\/\/agora.xtec.cat\/iesguindavols\/wp-json\/wp\/v2\/posts"}],"about":[{"href":"https:\/\/agora.xtec.cat\/iesguindavols\/wp-json\/wp\/v2\/types\/post"}],"author":[{"embeddable":true,"href":"https:\/\/agora.xtec.cat\/iesguindavols\/wp-json\/wp\/v2\/users\/1"}],"replies":[{"embeddable":true,"href":"https:\/\/agora.xtec.cat\/iesguindavols\/wp-json\/wp\/v2\/comments?post=55934"}],"version-history":[{"count":0,"href":"https:\/\/agora.xtec.cat\/iesguindavols\/wp-json\/wp\/v2\/posts\/55934\/revisions"}],"wp:featuredmedia":[{"embeddable":true,"href":"https:\/\/agora.xtec.cat\/iesguindavols\/wp-json\/"}],"wp:attachment":[{"href":"https:\/\/agora.xtec.cat\/iesguindavols\/wp-json\/wp\/v2\/media?parent=55934"}],"wp:term":[{"taxonomy":"category","embeddable":true,"href":"https:\/\/agora.xtec.cat\/iesguindavols\/wp-json\/wp\/v2\/categories?post=55934"},{"taxonomy":"post_tag","embeddable":true,"href":"https:\/\/agora.xtec.cat\/iesguindavols\/wp-json\/wp\/v2\/tags?post=55934"}],"curies":[{"name":"wp","href":"https:\/\/api.w.org\/{rel}","templated":true}]}}