{"id":55606,"date":"2018-09-26T18:21:23","date_gmt":"2018-09-26T18:21:23","guid":{"rendered":"https:\/\/portal.institutguindavols.cat\/?p=55606"},"modified":"2018-09-26T18:21:23","modified_gmt":"2018-09-26T18:21:23","slug":"guindavols-inici-euroskills","status":"publish","type":"post","link":"https:\/\/agora.xtec.cat\/iesguindavols\/general\/guindavols-inici-euroskills\/","title":{"rendered":"Guind\u00e0vols a l&#8217;europeu de Formaci\u00f3 Professional"},"content":{"rendered":"<p>Ahir, 25 de setembre, es va donar el tret de sortida al campionat de formaci\u00f3 professional EuroSkills 2018 amb una cerem\u00f2nia d&#8217;obertura al L\u00e1szl\u00f3 Papp Budapest Sports Arena, i avui,&nbsp; els millors de cada especialitat dels 28 paisos participants, ja han pres part de la primera jornada de competici\u00f3 . Entre tots ells s&#8217;hi troba en Samuel Torres, alumne del Guind\u00e0vols, representant de la selecci\u00f3 espanyola en l&#8217;especialitat de Lampisteria i Calefacci\u00f3. Els participants encara hauran d&#8217;afrontar dues jornades m\u00e9s de proves, el 27 i 28 de setembre, i no ser\u00e0 fins dissabte 29 que sabrem el resultats de la competici\u00f3.&nbsp; \u00c0nims a en Samuel! Seguirem la seva evoluci\u00f3.<\/p>\n<p>&nbsp;<\/p>\n<p><img loading=\"lazy\" decoding=\"async\" class=\"alignnone size-full wp-image-55612\" src=\"https:\/\/portal.institutguindavols.cat\/wp-content\/uploads\/F1.png\" alt=\"\" width=\"769\" height=\"501\"><\/p>\n<p><img loading=\"lazy\" decoding=\"async\" class=\"alignnone size-large wp-image-55614\" src=\"https:\/\/portal.institutguindavols.cat\/wp-content\/uploads\/WhatsApp-Image-2018-09-24-at-13.44.49-1024x576.jpeg\" alt=\"\" width=\"900\" height=\"506\"><\/p>\n<p>&nbsp;<\/p>\n","protected":false},"excerpt":{"rendered":"<p>Ahir, 25 de setembre, es va donar el tret de sortida al campionat de formaci\u00f3 professional EuroSkills 2018 amb una cerem\u00f2nia d&#8217;obertura al L\u00e1szl\u00f3 Papp Budapest Sports Arena, i avui,&nbsp; els millors de cada especialitat dels 28 paisos participants, ja han pres part de la&hellip;  <a href=\"https:\/\/agora.xtec.cat\/iesguindavols\/general\/guindavols-inici-euroskills\/\" title=\"Read Guind\u00e0vols a l&#8217;europeu de Formaci\u00f3 Professional\">Llegeix m\u00e9s\u00bb<\/a><\/p>\n","protected":false},"author":5,"featured_media":55613,"comment_status":"closed","ping_status":"closed","sticky":false,"template":"","format":"standard","meta":{"_bbp_topic_count":0,"_bbp_reply_count":0,"_bbp_total_topic_count":0,"_bbp_total_reply_count":0,"_bbp_voice_count":0,"_bbp_anonymous_reply_count":0,"_bbp_topic_count_hidden":0,"_bbp_reply_count_hidden":0,"_bbp_forum_subforum_count":0,"footnotes":""},"categories":[1],"tags":[],"class_list":["post-55606","post","type-post","status-publish","format-standard","has-post-thumbnail","hentry","category-general"],"post_mailing_queue_ids":[],"_links":{"self":[{"href":"https:\/\/agora.xtec.cat\/iesguindavols\/wp-json\/wp\/v2\/posts\/55606","targetHints":{"allow":["GET"]}}],"collection":[{"href":"https:\/\/agora.xtec.cat\/iesguindavols\/wp-json\/wp\/v2\/posts"}],"about":[{"href":"https:\/\/agora.xtec.cat\/iesguindavols\/wp-json\/wp\/v2\/types\/post"}],"author":[{"embeddable":true,"href":"https:\/\/agora.xtec.cat\/iesguindavols\/wp-json\/wp\/v2\/users\/5"}],"replies":[{"embeddable":true,"href":"https:\/\/agora.xtec.cat\/iesguindavols\/wp-json\/wp\/v2\/comments?post=55606"}],"version-history":[{"count":0,"href":"https:\/\/agora.xtec.cat\/iesguindavols\/wp-json\/wp\/v2\/posts\/55606\/revisions"}],"wp:featuredmedia":[{"embeddable":true,"href":"https:\/\/agora.xtec.cat\/iesguindavols\/wp-json\/"}],"wp:attachment":[{"href":"https:\/\/agora.xtec.cat\/iesguindavols\/wp-json\/wp\/v2\/media?parent=55606"}],"wp:term":[{"taxonomy":"category","embeddable":true,"href":"https:\/\/agora.xtec.cat\/iesguindavols\/wp-json\/wp\/v2\/categories?post=55606"},{"taxonomy":"post_tag","embeddable":true,"href":"https:\/\/agora.xtec.cat\/iesguindavols\/wp-json\/wp\/v2\/tags?post=55606"}],"curies":[{"name":"wp","href":"https:\/\/api.w.org\/{rel}","templated":true}]}}