{"id":55603,"date":"2018-09-26T17:47:46","date_gmt":"2018-09-26T17:47:46","guid":{"rendered":"https:\/\/portal.institutguindavols.cat\/?p=55603"},"modified":"2018-09-26T17:47:46","modified_gmt":"2018-09-26T17:47:46","slug":"26-de-setembre-dia-europeu-de-les-llengues","status":"publish","type":"post","link":"https:\/\/agora.xtec.cat\/iesguindavols\/general\/26-de-setembre-dia-europeu-de-les-llengues\/","title":{"rendered":"26 de setembre: Dia Europeu de les Lleng\u00fces"},"content":{"rendered":"<p> Avui, 26 de setembre es celebra el <strong>Dia Europeu de les Lleng\u00fces,<\/strong> ,d\u00eda en qu\u00e8 recordem la diversitat ling\u00fc\u00edstica  i cultural d&#8217;Europa i tamb\u00e9 del m\u00f3n. La ciutadania de la Uni\u00f3 europea celebren el d\u00eda que va establir la Comissi\u00f3 Europea i el Consell d&#8217;Europa  el 6 de desembre de 2001 per conmemorar l&#8217;her\u00e8ncia ling\u00fc\u00edstica i cultural d&#8217;Europa i per fomentar l&#8217;aprenentatge de lleng\u00fces en joves i adults.<br \/>\nEls 47 estats membres del Consell d&#8217;Europa animen m\u00e9s de 8oo milions d&#8217;europeus a aprendre m\u00e9s lleng\u00fces a qualsevol edat.<br \/>\n Conven\u00e7uts que la diversitat ling\u00fc\u00edstica \u00e9s una eina per a aconseguir una major comprensi\u00f3 intercultural i un element clau en la rica her\u00e8ncia cultural del nostre continent, el Consell d&#8217;Europa promou el pluriling\u00fcisme a tot Europa.<br \/>\nA l&#8217;Institut avui a les classes de llengua hem apr\u00e8s  paraules en les diferents lleng\u00fces que l&#8217;alumnat del nostre centre parla , que s\u00f3n moltes!<br \/>\n Hem  apr\u00e8s paraules  en &#8230;catal\u00e0, castell\u00e0, angl\u00e8s, franc\u00e8s, itali\u00e0, alemany, roman\u00e9s, \u00e0rab, polon\u00e9s, portugu\u00e9s, rus, hindi, grec, llat\u00ed, azer\u00ed &#8230;. Hem dit gr\u00e0cies en 31  lleng\u00fces, hem  recitat en catal\u00e0, angl\u00e8s, alemany, itali\u00e0,  hem saludat en  llat\u00ed, grec, suec, turc, fin\u00e8s.. Hem cantat en catal\u00e0 , hem apr\u00e8s coses sobre els diferents idiomes com que moltes paraules  de l&#8217;angl\u00e8s provenen del franc\u00e8s , o que el Khmer , la llengua que es parla a Cambodja, t\u00e9 l&#8217;alfabet m\u00e9s llarg ,amb 74 lletres! o que hi ha lleng\u00fces inventades com el Klingon de <em>Star Trek<\/em> o que les tres lleng\u00fces m\u00e9s utilitzades a Twitter s\u00f3n l&#8217;angl\u00e8s, l&#8217;espanyol i el japon\u00e9s ,  que en singal\u00e8s, la llengua que es parla a Sri Lanka , la paraula &#8221; ayubowan&#8221; vol dir bon d\u00eda, bona tarda, bona nit, adeu.<\/p>\n<p>Celebrem que al Guind\u00e0vols podem entendre i parlar diferents lleng\u00fces!<\/p>\n","protected":false},"excerpt":{"rendered":"<p> Avui, 26 de setembre es celebra el Dia Europeu de les Lleng\u00fces, ,d\u00eda en qu\u00e8 recordem la diversitat ling\u00fc\u00edstica  i cultural d&#8217;Europa i tamb\u00e9 del m\u00f3n. La ciutadania de la Uni\u00f3 europea celebren el d\u00eda que va establir la Comissi\u00f3 Europea i el&hellip;  <a href=\"https:\/\/agora.xtec.cat\/iesguindavols\/general\/26-de-setembre-dia-europeu-de-les-llengues\/\" title=\"Read 26 de setembre: Dia Europeu de les Lleng\u00fces\">Llegeix m\u00e9s\u00bb<\/a><\/p>\n","protected":false},"author":1,"featured_media":55608,"comment_status":"closed","ping_status":"closed","sticky":false,"template":"","format":"standard","meta":{"_bbp_topic_count":0,"_bbp_reply_count":0,"_bbp_total_topic_count":0,"_bbp_total_reply_count":0,"_bbp_voice_count":0,"_bbp_anonymous_reply_count":0,"_bbp_topic_count_hidden":0,"_bbp_reply_count_hidden":0,"_bbp_forum_subforum_count":0,"footnotes":""},"categories":[1],"tags":[],"class_list":["post-55603","post","type-post","status-publish","format-standard","has-post-thumbnail","hentry","category-general"],"post_mailing_queue_ids":[],"_links":{"self":[{"href":"https:\/\/agora.xtec.cat\/iesguindavols\/wp-json\/wp\/v2\/posts\/55603","targetHints":{"allow":["GET"]}}],"collection":[{"href":"https:\/\/agora.xtec.cat\/iesguindavols\/wp-json\/wp\/v2\/posts"}],"about":[{"href":"https:\/\/agora.xtec.cat\/iesguindavols\/wp-json\/wp\/v2\/types\/post"}],"author":[{"embeddable":true,"href":"https:\/\/agora.xtec.cat\/iesguindavols\/wp-json\/wp\/v2\/users\/1"}],"replies":[{"embeddable":true,"href":"https:\/\/agora.xtec.cat\/iesguindavols\/wp-json\/wp\/v2\/comments?post=55603"}],"version-history":[{"count":0,"href":"https:\/\/agora.xtec.cat\/iesguindavols\/wp-json\/wp\/v2\/posts\/55603\/revisions"}],"wp:featuredmedia":[{"embeddable":true,"href":"https:\/\/agora.xtec.cat\/iesguindavols\/wp-json\/"}],"wp:attachment":[{"href":"https:\/\/agora.xtec.cat\/iesguindavols\/wp-json\/wp\/v2\/media?parent=55603"}],"wp:term":[{"taxonomy":"category","embeddable":true,"href":"https:\/\/agora.xtec.cat\/iesguindavols\/wp-json\/wp\/v2\/categories?post=55603"},{"taxonomy":"post_tag","embeddable":true,"href":"https:\/\/agora.xtec.cat\/iesguindavols\/wp-json\/wp\/v2\/tags?post=55603"}],"curies":[{"name":"wp","href":"https:\/\/api.w.org\/{rel}","templated":true}]}}