{"id":54754,"date":"2018-09-17T23:31:35","date_gmt":"2018-09-17T23:31:35","guid":{"rendered":"https:\/\/portal.institutguindavols.cat\/?p=54754"},"modified":"2018-09-17T23:31:35","modified_gmt":"2018-09-17T23:31:35","slug":"espais-sense-fum","status":"publish","type":"post","link":"https:\/\/agora.xtec.cat\/iesguindavols\/general\/espais-sense-fum\/","title":{"rendered":"Espais sense fum"},"content":{"rendered":"<p>Encara que ja fa temps que es va regular, no \u00e9s molt conegut pels estudiants que tant a l&#8217;interior com als espais exteriors dels centres educatius com l&#8217;entrada, pla\u00e7a i voreres a l&#8217;edifici est\u00e0 prohibit fumar. A m\u00e9s la llei preveu sancions pels qui incompleixi aquesta norma. Per aix\u00f2, i en prevenci\u00f3 de sancions, aquest estiu hem senyalitzat millor els espais on no es pot fumar, per tenir un centre realment lliure de fum i promoure una vida saludable. Tamb\u00e9 recordem que aquesta prohibici\u00f3 afecta als espais de la pla\u00e7a annexa a l&#8217;Hospital Arnau de Vilanova com tamb\u00e9 podreu veure oportunament senyalitzat.<img loading=\"lazy\" decoding=\"async\" class=\"alignnone size-large wp-image-54756\" src=\"https:\/\/portal.institutguindavols.cat\/wp-content\/uploads\/IMG_2943-e1537226999747-683x1024.jpg\" alt=\"\" width=\"683\" height=\"1024\"><img loading=\"lazy\" decoding=\"async\" class=\"alignnone size-large wp-image-54757\" src=\"https:\/\/portal.institutguindavols.cat\/wp-content\/uploads\/IMG_2948-1024x683.jpg\" alt=\"\" width=\"900\" height=\"600\"><\/p>\n","protected":false},"excerpt":{"rendered":"<p>Encara que ja fa temps que es va regular, no \u00e9s molt conegut pels estudiants que tant a l&#8217;interior com als espais exteriors dels centres educatius com l&#8217;entrada, pla\u00e7a i voreres a l&#8217;edifici est\u00e0 prohibit fumar. A m\u00e9s la llei preveu sancions pels qui incompleixi&hellip;  <a href=\"https:\/\/agora.xtec.cat\/iesguindavols\/general\/espais-sense-fum\/\" title=\"Read Espais sense fum\">Llegeix m\u00e9s\u00bb<\/a><\/p>\n","protected":false},"author":1,"featured_media":54755,"comment_status":"closed","ping_status":"closed","sticky":false,"template":"","format":"standard","meta":{"_bbp_topic_count":0,"_bbp_reply_count":0,"_bbp_total_topic_count":0,"_bbp_total_reply_count":0,"_bbp_voice_count":0,"_bbp_anonymous_reply_count":0,"_bbp_topic_count_hidden":0,"_bbp_reply_count_hidden":0,"_bbp_forum_subforum_count":0,"footnotes":""},"categories":[107,1],"tags":[259],"class_list":["post-54754","post","type-post","status-publish","format-standard","has-post-thumbnail","hentry","category-centre","category-general","tag-fumar"],"post_mailing_queue_ids":[],"_links":{"self":[{"href":"https:\/\/agora.xtec.cat\/iesguindavols\/wp-json\/wp\/v2\/posts\/54754","targetHints":{"allow":["GET"]}}],"collection":[{"href":"https:\/\/agora.xtec.cat\/iesguindavols\/wp-json\/wp\/v2\/posts"}],"about":[{"href":"https:\/\/agora.xtec.cat\/iesguindavols\/wp-json\/wp\/v2\/types\/post"}],"author":[{"embeddable":true,"href":"https:\/\/agora.xtec.cat\/iesguindavols\/wp-json\/wp\/v2\/users\/1"}],"replies":[{"embeddable":true,"href":"https:\/\/agora.xtec.cat\/iesguindavols\/wp-json\/wp\/v2\/comments?post=54754"}],"version-history":[{"count":0,"href":"https:\/\/agora.xtec.cat\/iesguindavols\/wp-json\/wp\/v2\/posts\/54754\/revisions"}],"wp:featuredmedia":[{"embeddable":true,"href":"https:\/\/agora.xtec.cat\/iesguindavols\/wp-json\/"}],"wp:attachment":[{"href":"https:\/\/agora.xtec.cat\/iesguindavols\/wp-json\/wp\/v2\/media?parent=54754"}],"wp:term":[{"taxonomy":"category","embeddable":true,"href":"https:\/\/agora.xtec.cat\/iesguindavols\/wp-json\/wp\/v2\/categories?post=54754"},{"taxonomy":"post_tag","embeddable":true,"href":"https:\/\/agora.xtec.cat\/iesguindavols\/wp-json\/wp\/v2\/tags?post=54754"}],"curies":[{"name":"wp","href":"https:\/\/api.w.org\/{rel}","templated":true}]}}