{"id":54743,"date":"2018-09-17T23:09:57","date_gmt":"2018-09-17T23:09:57","guid":{"rendered":"https:\/\/portal.institutguindavols.cat\/?p=54743"},"modified":"2018-09-17T23:09:57","modified_gmt":"2018-09-17T23:09:57","slug":"la-premsa","status":"publish","type":"post","link":"https:\/\/agora.xtec.cat\/iesguindavols\/general\/la-premsa\/","title":{"rendered":"La premsa"},"content":{"rendered":"<p>De tant en tant apareixen pel centre, i tots intentem reaccionar amb normalitat, tot i que no \u00e9s gens normal la pres\u00e8ncia de c\u00e0meres i micr\u00f2fons de mitjans de comunicaci\u00f3. I generen reaccions de tota mena: des de qui per vergonya en fuig tan aviat els veu, els indiferents que passen de llarg i aquells que observen encuriosits com els i les periodistes fan la seva feina.<\/p>\n<p>La visita del Director dels Serveis Territorials de la passada setmana ens va deixar aquestes imatges que ens serveixen per exemplificar aquesta trobada imprevista. A jutjar pel que es veu, l&#8217;alumnat ho porta for\u00e7a b\u00e9.<img loading=\"lazy\" decoding=\"async\" class=\"alignnone size-large wp-image-54750\" src=\"https:\/\/portal.institutguindavols.cat\/wp-content\/uploads\/IMG_3015-1024x683.jpg\" alt=\"\" width=\"900\" height=\"600\"> <img loading=\"lazy\" decoding=\"async\" class=\"alignnone size-large wp-image-54751\" src=\"https:\/\/portal.institutguindavols.cat\/wp-content\/uploads\/IMG_2993-1024x683.jpg\" alt=\"\" width=\"900\" height=\"600\"> <img loading=\"lazy\" decoding=\"async\" class=\"alignnone size-large wp-image-54749\" src=\"https:\/\/portal.institutguindavols.cat\/wp-content\/uploads\/IMG_2994-1024x683.jpg\" alt=\"\" width=\"900\" height=\"600\"><\/p>\n","protected":false},"excerpt":{"rendered":"<p>De tant en tant apareixen pel centre, i tots intentem reaccionar amb normalitat, tot i que no \u00e9s gens normal la pres\u00e8ncia de c\u00e0meres i micr\u00f2fons de mitjans de comunicaci\u00f3. I generen reaccions de tota mena: des de qui per vergonya en fuig tan aviat&hellip;  <a href=\"https:\/\/agora.xtec.cat\/iesguindavols\/general\/la-premsa\/\" title=\"Read La premsa\">Llegeix m\u00e9s\u00bb<\/a><\/p>\n","protected":false},"author":1,"featured_media":54747,"comment_status":"closed","ping_status":"closed","sticky":false,"template":"","format":"standard","meta":{"_bbp_topic_count":0,"_bbp_reply_count":0,"_bbp_total_topic_count":0,"_bbp_total_reply_count":0,"_bbp_voice_count":0,"_bbp_anonymous_reply_count":0,"_bbp_topic_count_hidden":0,"_bbp_reply_count_hidden":0,"_bbp_forum_subforum_count":0,"footnotes":""},"categories":[107,1],"tags":[258],"class_list":["post-54743","post","type-post","status-publish","format-standard","has-post-thumbnail","hentry","category-centre","category-general","tag-premsa"],"post_mailing_queue_ids":[],"_links":{"self":[{"href":"https:\/\/agora.xtec.cat\/iesguindavols\/wp-json\/wp\/v2\/posts\/54743","targetHints":{"allow":["GET"]}}],"collection":[{"href":"https:\/\/agora.xtec.cat\/iesguindavols\/wp-json\/wp\/v2\/posts"}],"about":[{"href":"https:\/\/agora.xtec.cat\/iesguindavols\/wp-json\/wp\/v2\/types\/post"}],"author":[{"embeddable":true,"href":"https:\/\/agora.xtec.cat\/iesguindavols\/wp-json\/wp\/v2\/users\/1"}],"replies":[{"embeddable":true,"href":"https:\/\/agora.xtec.cat\/iesguindavols\/wp-json\/wp\/v2\/comments?post=54743"}],"version-history":[{"count":0,"href":"https:\/\/agora.xtec.cat\/iesguindavols\/wp-json\/wp\/v2\/posts\/54743\/revisions"}],"wp:featuredmedia":[{"embeddable":true,"href":"https:\/\/agora.xtec.cat\/iesguindavols\/wp-json\/"}],"wp:attachment":[{"href":"https:\/\/agora.xtec.cat\/iesguindavols\/wp-json\/wp\/v2\/media?parent=54743"}],"wp:term":[{"taxonomy":"category","embeddable":true,"href":"https:\/\/agora.xtec.cat\/iesguindavols\/wp-json\/wp\/v2\/categories?post=54743"},{"taxonomy":"post_tag","embeddable":true,"href":"https:\/\/agora.xtec.cat\/iesguindavols\/wp-json\/wp\/v2\/tags?post=54743"}],"curies":[{"name":"wp","href":"https:\/\/api.w.org\/{rel}","templated":true}]}}