{"id":53794,"date":"2018-06-28T06:33:44","date_gmt":"2018-06-28T06:33:44","guid":{"rendered":"https:\/\/portal.institutguindavols.cat\/?p=53794"},"modified":"2018-06-28T06:33:44","modified_gmt":"2018-06-28T06:33:44","slug":"premis-a-lexcellencia-de-la-universitat-de-lleida","status":"publish","type":"post","link":"https:\/\/agora.xtec.cat\/iesguindavols\/general\/premis-a-lexcellencia-de-la-universitat-de-lleida\/","title":{"rendered":"Premis a l&#8217;excel\u00b7l\u00e8ncia de la Universitat de Lleida"},"content":{"rendered":"<p>Les nostres alumnes de Batxillerat han estat premiades per l&#8217;excel\u00b7l\u00e8ncia dels seus treballs en la 15a edici\u00f3 dels Premis a Treballs de Recerca que convoca la Universitat de Lleida. Sandra Neila ha estat premiada en l&#8217;\u00c0rea Juridicoecon\u00f2mica pel seu treball &#8220;<a href=\"http:\/\/www.udl.cat\/export\/sites\/universitat-lleida\/ca\/serveis\/seu\/treballsrecerca\/curs16-17\/27_DE-LA-VINYA-A-LA-WEB-3.0-Analisi-de-ladaptacio-al-comerc-electronic-per-part-dels-cellers-amb-DO-Costers-del-Segre-2.pdf\" target=\"_blank\" rel=\"noopener\">De la vinya a la web 3.0. An\u00e0lisi de l&#8217;adaptaci\u00f3 al comer\u00e7 electr\u00f2nic per part dels cellers amb DO Costers del Segre<\/a>&#8220;, Ikram Bouhouche ha obtingut el premi en l&#8217;\u00c0rea de Cooperaci\u00f3 i Desenvolupament pel seu treball &#8220;<a href=\"http:\/\/www.udl.cat\/export\/sites\/universitat-lleida\/ca\/serveis\/seu\/treballsrecerca\/curs16-17\/127_Tornar-a-comencar-Els-refugiats-sirians-a-Algeria.pdf\" target=\"_blank\" rel=\"noopener\">Tornar a comen\u00e7ar: els refugiats sirians a Alg\u00e8ria<\/a>&#8220;, N\u00faria Escuer va obtenir Menci\u00f3 en l&#8221;Area d&#8217;Educaci\u00f3, Psicologia i Treball Social pel seu treball &#8220;<em>Once upon&nbsp; time\u2026a translation of a children&#8217;s book. From English into Catalan<\/em>&#8221; i Camila Trinca tamb\u00e9 va obtenir menci\u00f3 dins l&#8217;\u00c0rea d&#8217;Humanitats pel seu treball &#8220;<em>Radici: una historia de immigrantes<\/em>&#8220;.<\/p>\n<h6>mes premis<\/h6>\n<p>Val a dir que alguns treballs acaben rebent m\u00e9s d&#8217;un reconeixement. \u00c9s el cas de la N\u00faria Escuer que ja va ser finalista en els premis de Treballs de Recera de la Universitat Pompeu Fabra en l&#8217;\u00c0mbit de les Lleng\u00fces i el Llenguatge.<\/p>\n<p>Felicitem doncs a totes les guanyadores pel reconeixement que han rebut per la seva feina excel\u00b7lent.<\/p>\n","protected":false},"excerpt":{"rendered":"<p>Les nostres alumnes de Batxillerat han estat premiades per l&#8217;excel\u00b7l\u00e8ncia dels seus treballs en la 15a edici\u00f3 dels Premis a Treballs de Recerca que convoca la Universitat de Lleida. Sandra Neila ha estat premiada en l&#8217;\u00c0rea Juridicoecon\u00f2mica pel seu treball &#8220;<a href=\"http:\/\/www.udl.cat\/export\/sites\/universitat-lleida\/ca\/serveis\/seu\/treballsrecerca\/curs16-17\/27_DE-LA-VINYA-A-LA-WEB-3.0-Analisi-de-ladaptacio-al-comerc-electronic-per-part-dels-cellers-amb-DO-Costers-del-Segre-2.pdf\" target=\"_blank\" rel=\"noopener\">De la&hellip;  <a href=\"https:\/\/agora.xtec.cat\/iesguindavols\/general\/premis-a-lexcellencia-de-la-universitat-de-lleida\/\" title=\"Read Premis a l&#8217;excel\u00b7l\u00e8ncia de la Universitat de Lleida\">Llegeix m\u00e9s\u00bb<\/a><\/p>\n","protected":false},"author":1,"featured_media":53795,"comment_status":"closed","ping_status":"closed","sticky":false,"template":"","format":"standard","meta":{"_bbp_topic_count":0,"_bbp_reply_count":0,"_bbp_total_topic_count":0,"_bbp_total_reply_count":0,"_bbp_voice_count":0,"_bbp_anonymous_reply_count":0,"_bbp_topic_count_hidden":0,"_bbp_reply_count_hidden":0,"_bbp_forum_subforum_count":0,"footnotes":""},"categories":[1],"tags":[],"class_list":["post-53794","post","type-post","status-publish","format-standard","has-post-thumbnail","hentry","category-general"],"post_mailing_queue_ids":[],"_links":{"self":[{"href":"https:\/\/agora.xtec.cat\/iesguindavols\/wp-json\/wp\/v2\/posts\/53794","targetHints":{"allow":["GET"]}}],"collection":[{"href":"https:\/\/agora.xtec.cat\/iesguindavols\/wp-json\/wp\/v2\/posts"}],"about":[{"href":"https:\/\/agora.xtec.cat\/iesguindavols\/wp-json\/wp\/v2\/types\/post"}],"author":[{"embeddable":true,"href":"https:\/\/agora.xtec.cat\/iesguindavols\/wp-json\/wp\/v2\/users\/1"}],"replies":[{"embeddable":true,"href":"https:\/\/agora.xtec.cat\/iesguindavols\/wp-json\/wp\/v2\/comments?post=53794"}],"version-history":[{"count":0,"href":"https:\/\/agora.xtec.cat\/iesguindavols\/wp-json\/wp\/v2\/posts\/53794\/revisions"}],"wp:featuredmedia":[{"embeddable":true,"href":"https:\/\/agora.xtec.cat\/iesguindavols\/wp-json\/"}],"wp:attachment":[{"href":"https:\/\/agora.xtec.cat\/iesguindavols\/wp-json\/wp\/v2\/media?parent=53794"}],"wp:term":[{"taxonomy":"category","embeddable":true,"href":"https:\/\/agora.xtec.cat\/iesguindavols\/wp-json\/wp\/v2\/categories?post=53794"},{"taxonomy":"post_tag","embeddable":true,"href":"https:\/\/agora.xtec.cat\/iesguindavols\/wp-json\/wp\/v2\/tags?post=53794"}],"curies":[{"name":"wp","href":"https:\/\/api.w.org\/{rel}","templated":true}]}}