{"id":53143,"date":"2018-06-19T07:47:07","date_gmt":"2018-06-19T07:47:07","guid":{"rendered":"https:\/\/portal.institutguindavols.cat\/?p=53143"},"modified":"2018-06-19T07:47:07","modified_gmt":"2018-06-19T07:47:07","slug":"cel-de-primavera-amb-fedac-dominiques","status":"publish","type":"post","link":"https:\/\/agora.xtec.cat\/iesguindavols\/general\/cel-de-primavera-amb-fedac-dominiques\/","title":{"rendered":"Nit astron\u00f2mica amb els m\u00e9s petits"},"content":{"rendered":"<p>Ahir al vespre v\u00e0rem acollir al nostre centre un grup de nens i nenes d\u2019 educaci\u00f3 infantil del<br \/>\ncol\u00b7legi FEDAC \u2013 Dominiques de Lleida i v\u00e0rem fer una observaci\u00f3 astron\u00f2mica del cel de final<br \/>\nde primavera.<br \/>\nMalgrat la contaminaci\u00f3 lum\u00ednica, es va poder observar amb nitidesa la Lluna, Venus, J\u00fapiter i<br \/>\nles seves llunes, i estrelles dobles com Albireo , Mizar i Alcor.<br \/>\nL\u2019 observaci\u00f3 va despertar for\u00e7a inter\u00e8s entre l\u2019alumnat, i qui sap si en un futur proper tenim<br \/>\nalgun\/a astrof\u00edsic\/a professional.<\/p>\n","protected":false},"excerpt":{"rendered":"<p>Ahir al vespre v\u00e0rem acollir al nostre centre un grup de nens i nenes d\u2019 educaci\u00f3 infantil del<br \/>\ncol\u00b7legi FEDAC \u2013 Dominiques de Lleida i v\u00e0rem fer una observaci\u00f3 astron\u00f2mica del cel de final<br \/>\nde primavera.<br \/>\nMalgrat la contaminaci\u00f3 lum\u00ednica, es va poder observar amb nitidesa la Lluna,&hellip;  <a href=\"https:\/\/agora.xtec.cat\/iesguindavols\/general\/cel-de-primavera-amb-fedac-dominiques\/\" title=\"Read Nit astron\u00f2mica amb els m\u00e9s petits\">Llegeix m\u00e9s\u00bb<\/a><\/p>\n","protected":false},"author":1,"featured_media":53144,"comment_status":"closed","ping_status":"closed","sticky":false,"template":"","format":"standard","meta":{"_bbp_topic_count":0,"_bbp_reply_count":0,"_bbp_total_topic_count":0,"_bbp_total_reply_count":0,"_bbp_voice_count":0,"_bbp_anonymous_reply_count":0,"_bbp_topic_count_hidden":0,"_bbp_reply_count_hidden":0,"_bbp_forum_subforum_count":0,"footnotes":""},"categories":[8,107,108,110,1,143],"tags":[250],"class_list":["post-53143","post","type-post","status-publish","format-standard","has-post-thumbnail","hentry","category-batxillerat","category-centre","category-ciencies-experimentals","category-eso-al-guindavols","category-general","category-noticies","tag-observacio-astronomica"],"post_mailing_queue_ids":[],"_links":{"self":[{"href":"https:\/\/agora.xtec.cat\/iesguindavols\/wp-json\/wp\/v2\/posts\/53143","targetHints":{"allow":["GET"]}}],"collection":[{"href":"https:\/\/agora.xtec.cat\/iesguindavols\/wp-json\/wp\/v2\/posts"}],"about":[{"href":"https:\/\/agora.xtec.cat\/iesguindavols\/wp-json\/wp\/v2\/types\/post"}],"author":[{"embeddable":true,"href":"https:\/\/agora.xtec.cat\/iesguindavols\/wp-json\/wp\/v2\/users\/1"}],"replies":[{"embeddable":true,"href":"https:\/\/agora.xtec.cat\/iesguindavols\/wp-json\/wp\/v2\/comments?post=53143"}],"version-history":[{"count":0,"href":"https:\/\/agora.xtec.cat\/iesguindavols\/wp-json\/wp\/v2\/posts\/53143\/revisions"}],"wp:featuredmedia":[{"embeddable":true,"href":"https:\/\/agora.xtec.cat\/iesguindavols\/wp-json\/"}],"wp:attachment":[{"href":"https:\/\/agora.xtec.cat\/iesguindavols\/wp-json\/wp\/v2\/media?parent=53143"}],"wp:term":[{"taxonomy":"category","embeddable":true,"href":"https:\/\/agora.xtec.cat\/iesguindavols\/wp-json\/wp\/v2\/categories?post=53143"},{"taxonomy":"post_tag","embeddable":true,"href":"https:\/\/agora.xtec.cat\/iesguindavols\/wp-json\/wp\/v2\/tags?post=53143"}],"curies":[{"name":"wp","href":"https:\/\/api.w.org\/{rel}","templated":true}]}}