{"id":52270,"date":"2018-05-29T22:51:57","date_gmt":"2018-05-29T22:51:57","guid":{"rendered":"https:\/\/portal.institutguindavols.cat\/?p=52270"},"modified":"2018-05-29T22:51:57","modified_gmt":"2018-05-29T22:51:57","slug":"acte-de-lliurament-dorles-cicles-formatius-i-batxillerat","status":"publish","type":"post","link":"https:\/\/agora.xtec.cat\/iesguindavols\/general\/acte-de-lliurament-dorles-cicles-formatius-i-batxillerat\/","title":{"rendered":"Acte de lliurament d&#8217;Orles Cicles Formatius i Batxillerat"},"content":{"rendered":"<p>El passat divendres dia 25 es va celebrar al centre el solemne Acte de Lliurament de les Orles dels Ensenyaments Postobligatoris. \u00c9s sempre un moment de moltes emocions per la transcend\u00e8ncia que l&#8217;alumnat t\u00e9 de viure&nbsp; un final d&#8217;etapa. I com les grans ocasions el centre, l&#8217;alumnat, el professorat i tots els assistents s&#8217;engalanen per l&#8217;ocasi\u00f3. Vestits llargs, talons alts, americanes i corbates apareixen de sobte en comptes dels texans i les samarretes. Els nostres joves de sobte han crescut!<\/p>\n<p>\u00c9s tradici\u00f3 que la promoci\u00f3 rebi els consells d&#8217;una persona amb un vincle especial tant amb el nostre centre com amb el seu alumnat. Aquest any ens honora que la padrina de la promoci\u00f3 sigui la nostra estimada Merc\u00e8 Aldabert, que s&#8217;ha jubilat recentment despr\u00e9s de molts anys al centre en contacte constant amb bona part de l&#8217;alumnat que ara acaba els estudis. La padrina de la promoci\u00f3 va fer un discurs encoratjant els joves vers els reptes de futur. Prenem nota d&#8217;un dels seus consells &#8220;lluiteu pel vostre somni, per\u00f2 sigueu sempre bones persones&#8230;&#8221;. Moltes gr\u00e0cies Merc\u00e8!!<\/p>\n<p>Orles, fotos, refrigeri i festa van acabar d&#8217;arrodonir una jornada que de ben segur quedar\u00e0 gravada en la mem\u00f2ria de l&#8217;alumnat. Ben aviat trobareu aqu\u00ed tot l&#8217;\u00e0lbum complet de la festa, de moment us avancem alguna imatge.<\/p>\n<p>[ngg_images source=&#8221;galleries&#8221; container_ids=&#8221;385&#8243; display_type=&#8221;photocrati-nextgen_basic_thumbnails&#8221; override_thumbnail_settings=&#8221;1&#8243; thumbnail_width=&#8221;240&#8243; thumbnail_height=&#8221;160&#8243; thumbnail_crop=&#8221;1&#8243; images_per_page=&#8221;50&#8243; number_of_columns=&#8221;4&#8243; ajax_pagination=&#8221;1&#8243; show_all_in_lightbox=&#8221;0&#8243; use_imagebrowser_effect=&#8221;0&#8243; show_slideshow_link=&#8221;1&#8243; slideshow_link_text=&#8221;[Show slideshow]&#8221; template=&#8221;\/var\/www\/html\/wp-content\/plugins\/nextgen-gallery\/products\/photocrati_nextgen\/modules\/ngglegacy\/view\/gallery.php&#8221; order_by=&#8221;sortorder&#8221; order_direction=&#8221;ASC&#8221; returns=&#8221;included&#8221; maximum_entity_count=&#8221;1500000&#8243;]<\/p>\n<p>&nbsp;<\/p>\n","protected":false},"excerpt":{"rendered":"<p>El passat divendres dia 25 es va celebrar al centre el solemne Acte de Lliurament de les Orles dels Ensenyaments Postobligatoris. \u00c9s sempre un moment de moltes emocions per la transcend\u00e8ncia que l&#8217;alumnat t\u00e9 de viure&nbsp; un final d&#8217;etapa. I com les grans ocasions el&hellip;  <a href=\"https:\/\/agora.xtec.cat\/iesguindavols\/general\/acte-de-lliurament-dorles-cicles-formatius-i-batxillerat\/\" title=\"Read Acte de lliurament d&#8217;Orles Cicles Formatius i Batxillerat\">Llegeix m\u00e9s\u00bb<\/a><\/p>\n","protected":false},"author":1,"featured_media":52271,"comment_status":"closed","ping_status":"closed","sticky":false,"template":"","format":"standard","meta":{"_bbp_topic_count":0,"_bbp_reply_count":0,"_bbp_total_topic_count":0,"_bbp_total_reply_count":0,"_bbp_voice_count":0,"_bbp_anonymous_reply_count":0,"_bbp_topic_count_hidden":0,"_bbp_reply_count_hidden":0,"_bbp_forum_subforum_count":0,"footnotes":""},"categories":[8,30,1],"tags":[249],"class_list":["post-52270","post","type-post","status-publish","format-standard","has-post-thumbnail","hentry","category-batxillerat","category-cicles-formatius","category-general","tag-orles"],"post_mailing_queue_ids":[],"_links":{"self":[{"href":"https:\/\/agora.xtec.cat\/iesguindavols\/wp-json\/wp\/v2\/posts\/52270","targetHints":{"allow":["GET"]}}],"collection":[{"href":"https:\/\/agora.xtec.cat\/iesguindavols\/wp-json\/wp\/v2\/posts"}],"about":[{"href":"https:\/\/agora.xtec.cat\/iesguindavols\/wp-json\/wp\/v2\/types\/post"}],"author":[{"embeddable":true,"href":"https:\/\/agora.xtec.cat\/iesguindavols\/wp-json\/wp\/v2\/users\/1"}],"replies":[{"embeddable":true,"href":"https:\/\/agora.xtec.cat\/iesguindavols\/wp-json\/wp\/v2\/comments?post=52270"}],"version-history":[{"count":0,"href":"https:\/\/agora.xtec.cat\/iesguindavols\/wp-json\/wp\/v2\/posts\/52270\/revisions"}],"wp:featuredmedia":[{"embeddable":true,"href":"https:\/\/agora.xtec.cat\/iesguindavols\/wp-json\/"}],"wp:attachment":[{"href":"https:\/\/agora.xtec.cat\/iesguindavols\/wp-json\/wp\/v2\/media?parent=52270"}],"wp:term":[{"taxonomy":"category","embeddable":true,"href":"https:\/\/agora.xtec.cat\/iesguindavols\/wp-json\/wp\/v2\/categories?post=52270"},{"taxonomy":"post_tag","embeddable":true,"href":"https:\/\/agora.xtec.cat\/iesguindavols\/wp-json\/wp\/v2\/tags?post=52270"}],"curies":[{"name":"wp","href":"https:\/\/api.w.org\/{rel}","templated":true}]}}