{"id":50998,"date":"2018-04-26T12:19:05","date_gmt":"2018-04-26T12:19:05","guid":{"rendered":"https:\/\/portal.institutguindavols.cat\/?p=50998"},"modified":"2018-04-26T12:19:05","modified_gmt":"2018-04-26T12:19:05","slug":"xarxa-de-competencies-basiques-presentacio-projecte-hort-compartit-hort-enriquit","status":"publish","type":"post","link":"https:\/\/agora.xtec.cat\/iesguindavols\/general\/xarxa-de-competencies-basiques-presentacio-projecte-hort-compartit-hort-enriquit\/","title":{"rendered":"Xarxa de compet\u00e8ncies b\u00e0siques: Presentaci\u00f3 projecte &#8220;Hort compartit, hort enriquit&#8221;."},"content":{"rendered":"<p>El dia 20 d&#8217;Abril l&#8217;Institut Guind\u00e0vols juntament amb l&#8217;Institut Torre Queralt van presentar a l&#8217;EOI el projecte de 1r ESO &#8220;Hort compartit, hort enriquit&#8221;. Aquest projecte es porta a terme amb els alumnes de 1r d&#8217;ESO dels dos instituts.  La taula rodona, que va ser moderada pel Jaume Cortada i la Funny Maj\u00f3, es va parlar de  quina era l&#8217;ess\u00e8ncia del projecte,  i tamb\u00e9  de l&#8217;organitzaci\u00f3 de l&#8217;alumnat en el treball per projectes.<br \/>\n&#8211;<\/p>\n","protected":false},"excerpt":{"rendered":"<p>El dia 20 d&#8217;Abril l&#8217;Institut Guind\u00e0vols juntament amb l&#8217;Institut Torre Queralt van presentar a l&#8217;EOI el projecte de 1r ESO &#8220;Hort compartit, hort enriquit&#8221;. Aquest projecte es porta a terme amb els alumnes de 1r d&#8217;ESO dels dos instituts.  La taula rodona, que va&hellip;  <a href=\"https:\/\/agora.xtec.cat\/iesguindavols\/general\/xarxa-de-competencies-basiques-presentacio-projecte-hort-compartit-hort-enriquit\/\" title=\"Read Xarxa de compet\u00e8ncies b\u00e0siques: Presentaci\u00f3 projecte &#8220;Hort compartit, hort enriquit&#8221;.\">Llegeix m\u00e9s\u00bb<\/a><\/p>\n","protected":false},"author":1,"featured_media":50997,"comment_status":"closed","ping_status":"closed","sticky":false,"template":"","format":"standard","meta":{"_bbp_topic_count":0,"_bbp_reply_count":0,"_bbp_total_topic_count":0,"_bbp_total_reply_count":0,"_bbp_voice_count":0,"_bbp_anonymous_reply_count":0,"_bbp_topic_count_hidden":0,"_bbp_reply_count_hidden":0,"_bbp_forum_subforum_count":0,"footnotes":""},"categories":[1],"tags":[],"class_list":["post-50998","post","type-post","status-publish","format-standard","has-post-thumbnail","hentry","category-general"],"post_mailing_queue_ids":[],"_links":{"self":[{"href":"https:\/\/agora.xtec.cat\/iesguindavols\/wp-json\/wp\/v2\/posts\/50998","targetHints":{"allow":["GET"]}}],"collection":[{"href":"https:\/\/agora.xtec.cat\/iesguindavols\/wp-json\/wp\/v2\/posts"}],"about":[{"href":"https:\/\/agora.xtec.cat\/iesguindavols\/wp-json\/wp\/v2\/types\/post"}],"author":[{"embeddable":true,"href":"https:\/\/agora.xtec.cat\/iesguindavols\/wp-json\/wp\/v2\/users\/1"}],"replies":[{"embeddable":true,"href":"https:\/\/agora.xtec.cat\/iesguindavols\/wp-json\/wp\/v2\/comments?post=50998"}],"version-history":[{"count":0,"href":"https:\/\/agora.xtec.cat\/iesguindavols\/wp-json\/wp\/v2\/posts\/50998\/revisions"}],"wp:featuredmedia":[{"embeddable":true,"href":"https:\/\/agora.xtec.cat\/iesguindavols\/wp-json\/"}],"wp:attachment":[{"href":"https:\/\/agora.xtec.cat\/iesguindavols\/wp-json\/wp\/v2\/media?parent=50998"}],"wp:term":[{"taxonomy":"category","embeddable":true,"href":"https:\/\/agora.xtec.cat\/iesguindavols\/wp-json\/wp\/v2\/categories?post=50998"},{"taxonomy":"post_tag","embeddable":true,"href":"https:\/\/agora.xtec.cat\/iesguindavols\/wp-json\/wp\/v2\/tags?post=50998"}],"curies":[{"name":"wp","href":"https:\/\/api.w.org\/{rel}","templated":true}]}}