{"id":50966,"date":"2018-04-26T09:01:58","date_gmt":"2018-04-26T09:01:58","guid":{"rendered":"https:\/\/portal.institutguindavols.cat\/?p=50966"},"modified":"2018-04-26T09:01:58","modified_gmt":"2018-04-26T09:01:58","slug":"visita-de-lescriptora-gloria-marin","status":"publish","type":"post","link":"https:\/\/agora.xtec.cat\/iesguindavols\/general\/visita-de-lescriptora-gloria-marin\/","title":{"rendered":"Visita de l&#8217;escriptora Gl\u00f2ria Mar\u00edn"},"content":{"rendered":"<p><span style=\"font-size: 14pt;\">El dilluns dia 16 d\u2019abril ens va visitar al centre l\u2019escriptora <strong>Gl\u00f2ria Mar\u00edn<\/strong> per fer-nos una xerrada a prop\u00f2sit de la lectura del llibre \u201c<em>No s\u00e9 si vull un n\u00f2vio o un gos<\/em>\u201d que han fet el nostre alumnat durant el segon trimestre.<\/span><\/p>\n<p><span style=\"font-size: 14pt;\">L\u2019activitat, adre\u00e7ada a 1r d\u2019ESO A i B que han llegit el llibre, est\u00e0 dintre de la mat\u00e8ria de Llengua Catalana i forma part del programa \u201cLletres a les Aules\u201d del Departament de Cultura de la Generalitat.<\/span><\/p>\n<p><span style=\"font-size: 14pt;\">Gl\u00f2ria Mar\u00edn \u00e9s de Sabadell, es dedica a escriure sobretot literatura infantil i juvenil i ha guanyat alguns premis. Tamb\u00e9 \u00e9s il\u00b7lustradora.&nbsp; Amb la seva xerrada hem tingut l\u2019oportunitat de con\u00e8ixer-la, fer-li algunes preguntes sobre la seva activitat i concretament sobre el llibre que hem llegit, i ens ha signat els llibres. Tamb\u00e9 ens ha parlat del llibre nou que ha publicat i del que est\u00e0 a punt de treure.<\/span><\/p>\n<p><span style=\"font-size: 14pt;\">L\u2019alumnat ha definit l\u2019escriptora com una persona amable, simp\u00e0tica, molt positiva i sobretot molt propera. Des d\u2019aqu\u00ed li agra\u00efm l\u2019oportunitat d\u2019haver-la pogut con\u00e8ixer. Ha estat un plaer, Gl\u00f2ria!! Fins una altra!<\/span><\/p>\n<p>[ngg_images source=&#8221;galleries&#8221; container_ids=&#8221;381&#8243; display_type=&#8221;photocrati-nextgen_basic_thumbnails&#8221; override_thumbnail_settings=&#8221;1&#8243; thumbnail_width=&#8221;240&#8243; thumbnail_height=&#8221;160&#8243; thumbnail_crop=&#8221;1&#8243; images_per_page=&#8221;50&#8243; number_of_columns=&#8221;4&#8243; ajax_pagination=&#8221;1&#8243; show_all_in_lightbox=&#8221;0&#8243; use_imagebrowser_effect=&#8221;0&#8243; show_slideshow_link=&#8221;1&#8243; slideshow_link_text=&#8221;[Show slideshow]&#8221; template=&#8221;\/var\/www\/html\/wp-content\/plugins\/nextgen-gallery\/products\/photocrati_nextgen\/modules\/ngglegacy\/view\/gallery.php&#8221; order_by=&#8221;sortorder&#8221; order_direction=&#8221;ASC&#8221; returns=&#8221;included&#8221; maximum_entity_count=&#8221;1500000&#8243;]<\/p>\n","protected":false},"excerpt":{"rendered":"<p>El dilluns dia 16 d\u2019abril ens va visitar al centre l\u2019escriptora Gl\u00f2ria Mar\u00edn per fer-nos una xerrada a prop\u00f2sit de la lectura del llibre \u201cNo s\u00e9 si vull un n\u00f2vio o un gos\u201d que han fet el nostre alumnat durant el segon trimestre.<br \/>\nL\u2019activitat, adre\u00e7ada a&hellip;  <a href=\"https:\/\/agora.xtec.cat\/iesguindavols\/general\/visita-de-lescriptora-gloria-marin\/\" title=\"Read Visita de l&#8217;escriptora Gl\u00f2ria Mar\u00edn\">Llegeix m\u00e9s\u00bb<\/a><\/p>\n","protected":false},"author":1,"featured_media":50989,"comment_status":"closed","ping_status":"closed","sticky":false,"template":"","format":"standard","meta":{"_bbp_topic_count":0,"_bbp_reply_count":0,"_bbp_total_topic_count":0,"_bbp_total_reply_count":0,"_bbp_voice_count":0,"_bbp_anonymous_reply_count":0,"_bbp_topic_count_hidden":0,"_bbp_reply_count_hidden":0,"_bbp_forum_subforum_count":0,"footnotes":""},"categories":[1],"tags":[],"class_list":["post-50966","post","type-post","status-publish","format-standard","has-post-thumbnail","hentry","category-general"],"post_mailing_queue_ids":[],"_links":{"self":[{"href":"https:\/\/agora.xtec.cat\/iesguindavols\/wp-json\/wp\/v2\/posts\/50966","targetHints":{"allow":["GET"]}}],"collection":[{"href":"https:\/\/agora.xtec.cat\/iesguindavols\/wp-json\/wp\/v2\/posts"}],"about":[{"href":"https:\/\/agora.xtec.cat\/iesguindavols\/wp-json\/wp\/v2\/types\/post"}],"author":[{"embeddable":true,"href":"https:\/\/agora.xtec.cat\/iesguindavols\/wp-json\/wp\/v2\/users\/1"}],"replies":[{"embeddable":true,"href":"https:\/\/agora.xtec.cat\/iesguindavols\/wp-json\/wp\/v2\/comments?post=50966"}],"version-history":[{"count":0,"href":"https:\/\/agora.xtec.cat\/iesguindavols\/wp-json\/wp\/v2\/posts\/50966\/revisions"}],"wp:featuredmedia":[{"embeddable":true,"href":"https:\/\/agora.xtec.cat\/iesguindavols\/wp-json\/"}],"wp:attachment":[{"href":"https:\/\/agora.xtec.cat\/iesguindavols\/wp-json\/wp\/v2\/media?parent=50966"}],"wp:term":[{"taxonomy":"category","embeddable":true,"href":"https:\/\/agora.xtec.cat\/iesguindavols\/wp-json\/wp\/v2\/categories?post=50966"},{"taxonomy":"post_tag","embeddable":true,"href":"https:\/\/agora.xtec.cat\/iesguindavols\/wp-json\/wp\/v2\/tags?post=50966"}],"curies":[{"name":"wp","href":"https:\/\/api.w.org\/{rel}","templated":true}]}}