{"id":50348,"date":"2018-04-06T08:07:20","date_gmt":"2018-04-06T08:07:20","guid":{"rendered":"https:\/\/portal.institutguindavols.cat\/?p=50348"},"modified":"2018-04-06T08:07:20","modified_gmt":"2018-04-06T08:07:20","slug":"bona-participacio-al-torneig-de-korfbal-de-secundaria","status":"publish","type":"post","link":"https:\/\/agora.xtec.cat\/iesguindavols\/general\/bona-participacio-al-torneig-de-korfbal-de-secundaria\/","title":{"rendered":"BONA PARTICIPACI\u00d3 AL TORNEIG DE KORFBAL DE SECUND\u00c0RIA"},"content":{"rendered":"<p>El 22 i 23 de mar\u00e7 el nostre institut va participar en el Torneig KINS 2018 al pavell\u00f3 de Pardinyes amb una participaci\u00f3 propera al centenar d&#8217;alumnes d&#8217;ESO. Aquesta&nbsp; edici\u00f3 pret\u00e9n assolir i millorar dos objectius fonamentals: la promoci\u00f3 de l\u2019esport&nbsp; i la conviv\u00e8ncia entre tots els instituts participants mitjan\u00e7ant una trobada de caire recreatiu, en una modalitat cada cop m\u00e9s arrelada a les nostres comarques, que promogui els valors de l\u2019esport i la cohesi\u00f3 social. Aquesta activitat est\u00e0 inclosa en el programa d\u2019activitats del departament d\u2019educaci\u00f3 f\u00edsica i del PCEE. Es van realitzar dos entrenaments previs al gimn\u00e0s i la pista poliesportiva.<\/p>\n<p>Departament d&#8217;EF<\/p>\n<p>&nbsp;<\/p>\n<p>[ngg_images source=&#8221;galleries&#8221; container_ids=&#8221;379&#8243; display_type=&#8221;photocrati-nextgen_basic_imagebrowser&#8221; ajax_pagination=&#8221;0&#8243; template=&#8221;\/var\/www\/html\/wp-content\/plugins\/nextgen-gallery\/products\/photocrati_nextgen\/modules\/ngglegacy\/view\/imagebrowser-caption.php&#8221; order_by=&#8221;sortorder&#8221; order_direction=&#8221;ASC&#8221; returns=&#8221;included&#8221; maximum_entity_count=&#8221;1500000&#8243;]<\/p>\n","protected":false},"excerpt":{"rendered":"<p>El 22 i 23 de mar\u00e7 el nostre institut va participar en el Torneig KINS 2018 al pavell\u00f3 de Pardinyes amb una participaci\u00f3 propera al centenar d&#8217;alumnes d&#8217;ESO. Aquesta&nbsp; edici\u00f3 pret\u00e9n assolir i millorar dos objectius fonamentals: la promoci\u00f3 de l\u2019esport&nbsp; i la conviv\u00e8ncia entre&hellip;  <a href=\"https:\/\/agora.xtec.cat\/iesguindavols\/general\/bona-participacio-al-torneig-de-korfbal-de-secundaria\/\" title=\"Read BONA PARTICIPACI\u00d3 AL TORNEIG DE KORFBAL DE SECUND\u00c0RIA\">Llegeix m\u00e9s\u00bb<\/a><\/p>\n","protected":false},"author":1,"featured_media":50350,"comment_status":"closed","ping_status":"closed","sticky":false,"template":"","format":"standard","meta":{"_bbp_topic_count":0,"_bbp_reply_count":0,"_bbp_total_topic_count":0,"_bbp_total_reply_count":0,"_bbp_voice_count":0,"_bbp_anonymous_reply_count":0,"_bbp_topic_count_hidden":0,"_bbp_reply_count_hidden":0,"_bbp_forum_subforum_count":0,"footnotes":""},"categories":[8,107,110,1],"tags":[244,246],"class_list":["post-50348","post","type-post","status-publish","format-standard","has-post-thumbnail","hentry","category-batxillerat","category-centre","category-eso-al-guindavols","category-general","tag-educacio-fisica","tag-korfbal"],"post_mailing_queue_ids":[],"_links":{"self":[{"href":"https:\/\/agora.xtec.cat\/iesguindavols\/wp-json\/wp\/v2\/posts\/50348","targetHints":{"allow":["GET"]}}],"collection":[{"href":"https:\/\/agora.xtec.cat\/iesguindavols\/wp-json\/wp\/v2\/posts"}],"about":[{"href":"https:\/\/agora.xtec.cat\/iesguindavols\/wp-json\/wp\/v2\/types\/post"}],"author":[{"embeddable":true,"href":"https:\/\/agora.xtec.cat\/iesguindavols\/wp-json\/wp\/v2\/users\/1"}],"replies":[{"embeddable":true,"href":"https:\/\/agora.xtec.cat\/iesguindavols\/wp-json\/wp\/v2\/comments?post=50348"}],"version-history":[{"count":0,"href":"https:\/\/agora.xtec.cat\/iesguindavols\/wp-json\/wp\/v2\/posts\/50348\/revisions"}],"wp:featuredmedia":[{"embeddable":true,"href":"https:\/\/agora.xtec.cat\/iesguindavols\/wp-json\/"}],"wp:attachment":[{"href":"https:\/\/agora.xtec.cat\/iesguindavols\/wp-json\/wp\/v2\/media?parent=50348"}],"wp:term":[{"taxonomy":"category","embeddable":true,"href":"https:\/\/agora.xtec.cat\/iesguindavols\/wp-json\/wp\/v2\/categories?post=50348"},{"taxonomy":"post_tag","embeddable":true,"href":"https:\/\/agora.xtec.cat\/iesguindavols\/wp-json\/wp\/v2\/tags?post=50348"}],"curies":[{"name":"wp","href":"https:\/\/api.w.org\/{rel}","templated":true}]}}