{"id":49807,"date":"2018-03-21T09:16:37","date_gmt":"2018-03-21T09:16:37","guid":{"rendered":"https:\/\/portal.institutguindavols.cat\/?p=49807"},"modified":"2018-03-21T09:16:37","modified_gmt":"2018-03-21T09:16:37","slug":"jornada-de-formacio-de-danfoss-al-guindavols","status":"publish","type":"post","link":"https:\/\/agora.xtec.cat\/iesguindavols\/cicles-formatius\/jornada-de-formacio-de-danfoss-al-guindavols\/","title":{"rendered":"Jornada de formaci\u00f3 de Danfoss al Guind\u00e0vols"},"content":{"rendered":"<p><span style=\"color: #296dff;\"><strong>JORNADA DE FORMACI\u00d3<\/strong><\/span><br \/>\nAquest dimarts 21 de mar\u00e7, l&#8217;alumnat de Manteniment d&#8217;instal\u00b7lacions t\u00e8rmiques i de fluids, ha realitzat una jornada de formaci\u00f3 de mans de dos t\u00e8cnics de suport de l&#8217;empresa Danfoss, multinacional danesa l\u00edder en el sector dels components per a refrigeraci\u00f3 comercial i industrial. Ha estat una formaci\u00f3 profitosa que ben segur millorar\u00e0 la compet\u00e8ncia del nostre alumnat en la selecci\u00f3 de components per a la configuraci\u00f3 d&#8217;instal\u00b7lacions de fred.<\/p>\n<p><span style=\"color: #296dff;\"><strong>PATROCINI DELS CAMPIONAT DE FORMACI\u00d3 PROFESSIONAL DE CATALUNYA<\/strong><\/span><br \/>\nDanfoss tamb\u00e9 mostra el seu comprom\u00eds amb la formaci\u00f3 dels futurs t\u00e8cnics del sector de la refrigeraci\u00f3 amb el patrocini de la competici\u00f3 de formaci\u00f3 de professional de Catalunya CatSkills, la qual tindr\u00e0 lloc l&#8217;1 de juny de 2018 a l&#8217;Institut Guind\u00e0vols.<\/p>\n<p><img loading=\"lazy\" decoding=\"async\" class=\"size-large wp-image-49809 aligncenter\" src=\"https:\/\/portal.institutguindavols.cat\/wp-content\/uploads\/Danfoss-Guind\u00e0vols-8-1024x768.jpg\" alt=\"\" width=\"900\" height=\"675\"><\/p>\n","protected":false},"excerpt":{"rendered":"<p>JORNADA DE FORMACI\u00d3<br \/>\nAquest dimarts 21 de mar\u00e7, l&#8217;alumnat de Manteniment d&#8217;instal\u00b7lacions t\u00e8rmiques i de fluids, ha realitzat una jornada de formaci\u00f3 de mans de dos t\u00e8cnics de suport de l&#8217;empresa Danfoss, multinacional danesa l\u00edder en el sector dels components per a refrigeraci\u00f3 comercial i industrial.&hellip;  <a href=\"https:\/\/agora.xtec.cat\/iesguindavols\/cicles-formatius\/jornada-de-formacio-de-danfoss-al-guindavols\/\" title=\"Read Jornada de formaci\u00f3 de Danfoss al Guind\u00e0vols\">Llegeix m\u00e9s\u00bb<\/a><\/p>\n","protected":false},"author":5,"featured_media":49808,"comment_status":"closed","ping_status":"closed","sticky":false,"template":"","format":"standard","meta":{"_bbp_topic_count":0,"_bbp_reply_count":0,"_bbp_total_topic_count":0,"_bbp_total_reply_count":0,"_bbp_voice_count":0,"_bbp_anonymous_reply_count":0,"_bbp_topic_count_hidden":0,"_bbp_reply_count_hidden":0,"_bbp_forum_subforum_count":0,"footnotes":""},"categories":[123,30,159,125,126,127,128],"tags":[],"class_list":["post-49807","post","type-post","status-publish","format-standard","has-post-thumbnail","hentry","category-cf-grau-superior","category-cicles-formatius","category-tecnic-superior-en-eficiencia-energetica-i-energia-solar-termica","category-tecnic-en-installacions-de-produccio-de-calor","category-tecnic-en-installacions-frigorifiques-i-de-climatitzacio","category-tecnic-superior-en-manteniment-dinstallacions-termiques-i-de-fluids","category-familia-professional-dinstallacio-i-manteniment"],"post_mailing_queue_ids":[],"_links":{"self":[{"href":"https:\/\/agora.xtec.cat\/iesguindavols\/wp-json\/wp\/v2\/posts\/49807","targetHints":{"allow":["GET"]}}],"collection":[{"href":"https:\/\/agora.xtec.cat\/iesguindavols\/wp-json\/wp\/v2\/posts"}],"about":[{"href":"https:\/\/agora.xtec.cat\/iesguindavols\/wp-json\/wp\/v2\/types\/post"}],"author":[{"embeddable":true,"href":"https:\/\/agora.xtec.cat\/iesguindavols\/wp-json\/wp\/v2\/users\/5"}],"replies":[{"embeddable":true,"href":"https:\/\/agora.xtec.cat\/iesguindavols\/wp-json\/wp\/v2\/comments?post=49807"}],"version-history":[{"count":0,"href":"https:\/\/agora.xtec.cat\/iesguindavols\/wp-json\/wp\/v2\/posts\/49807\/revisions"}],"wp:featuredmedia":[{"embeddable":true,"href":"https:\/\/agora.xtec.cat\/iesguindavols\/wp-json\/"}],"wp:attachment":[{"href":"https:\/\/agora.xtec.cat\/iesguindavols\/wp-json\/wp\/v2\/media?parent=49807"}],"wp:term":[{"taxonomy":"category","embeddable":true,"href":"https:\/\/agora.xtec.cat\/iesguindavols\/wp-json\/wp\/v2\/categories?post=49807"},{"taxonomy":"post_tag","embeddable":true,"href":"https:\/\/agora.xtec.cat\/iesguindavols\/wp-json\/wp\/v2\/tags?post=49807"}],"curies":[{"name":"wp","href":"https:\/\/api.w.org\/{rel}","templated":true}]}}